{"id":11757,"date":"2022-10-31T11:56:57","date_gmt":"2022-10-31T10:56:57","guid":{"rendered":"https:\/\/ganaenergia.com\/blog\/?p=11757"},"modified":"2026-07-28T15:19:15","modified_gmt":"2026-07-28T13:19:15","slug":"autoconsumo-compartido","status":"publish","type":"post","link":"https:\/\/ganaenergia.com\/blog\/autoconsumo-compartido\/","title":{"rendered":"\u00bfQu\u00e9 es el autoconsumo compartido o colectivo?"},"content":{"rendered":"<p>El <strong><a href=\"https:\/\/ganaenergia.com\/blog\/autoconsumo-excedentes\/\" target=\"_blank\">autoconsumo<\/a> compartido<\/strong> es una de las formas m\u00e1s inteligentes de aprovechar la energ\u00eda solar. En pocas palabras, varias personas o entidades pueden compartir la electricidad que generan unas mismas placas solares. He trabajado en proyectos de comunidades energ\u00e9ticas y puedo decir que, bien organizado, es una de las formas m\u00e1s efectivas de reducir costes y ganar independencia energ\u00e9tica.<\/p>\n<h2>\u00bfQu\u00e9 es exactamente el autoconsumo compartido?<\/h2>\n<p><img fetchpriority=\"high\" decoding=\"async\" class=\"aligncenter size-large wp-image-19547\" src=\"https:\/\/ganaenergia.com\/blog\/wp-content\/uploads\/2022\/10\/hombre-trabajador-en-el-campo-junto-los-paneles-solares-2-1-1024x683.jpg\" alt=\"autoconsumo compartido\" width=\"1024\" height=\"683\" srcset=\"https:\/\/ganaenergia.com\/blog\/wp-content\/uploads\/2022\/10\/hombre-trabajador-en-el-campo-junto-los-paneles-solares-2-1-1024x683.jpg 1024w, https:\/\/ganaenergia.com\/blog\/wp-content\/uploads\/2022\/10\/hombre-trabajador-en-el-campo-junto-los-paneles-solares-2-1-300x200.jpg 300w, https:\/\/ganaenergia.com\/blog\/wp-content\/uploads\/2022\/10\/hombre-trabajador-en-el-campo-junto-los-paneles-solares-2-1-768x512.jpg 768w, https:\/\/ganaenergia.com\/blog\/wp-content\/uploads\/2022\/10\/hombre-trabajador-en-el-campo-junto-los-paneles-solares-2-1-1536x1024.jpg 1536w, https:\/\/ganaenergia.com\/blog\/wp-content\/uploads\/2022\/10\/hombre-trabajador-en-el-campo-junto-los-paneles-solares-2-1-2048x1365.jpg 2048w\" sizes=\"(max-width: 1024px) 100vw, 1024px\" \/><\/p>\n<p>Consiste en que diferentes usuarios (vecinos de un bloque, viviendas unifamiliares cercanas, peque\u00f1as empresas o incluso ayuntamientos) se reparten la energ\u00eda generada por una instalaci\u00f3n solar com\u00fan. Desde 2025, gracias al Real Decreto-ley 7\/2025, se puede compartir energ\u00eda en un radio de hasta 5 km, lo que multiplica las posibilidades.<\/p>\n<h2>\u00bfC\u00f3mo funciona en la pr\u00e1ctica?<\/h2>\n<p>La mec\u00e1nica es sencilla en teor\u00eda, aunque requiere organizaci\u00f3n:<\/p>\n<ul>\n<li>Se instala un sistema de placas solares en un edificio, terreno o cubierta.<\/li>\n<li>Los participantes acuerdan qu\u00e9 porcentaje de la energ\u00eda producida corresponde a cada uno.<\/li>\n<li>La distribuidora se encarga de asignar esa energ\u00eda a cada factura de luz.<\/li>\n<\/ul>\n<p>En mi experiencia acompa\u00f1ando a una comunidad de vecinos de Valencia, el reparto se hizo por coeficiente de participaci\u00f3n (seg\u00fan metros de vivienda). El ahorro medio fue de un 35% en el primer a\u00f1o.<\/p>\n<h2>Ventajas del autoconsumo compartido<\/h2>\n<p>Entre los beneficios m\u00e1s relevantes destaco:<\/p>\n<ul>\n<li><strong>Ahorro econ\u00f3mico<\/strong>: se reducen los costes iniciales al dividir la inversi\u00f3n y se abarata la factura mensual.<\/li>\n<li><strong>Accesibilidad<\/strong>: personas sin tejado propio tambi\u00e9n pueden beneficiarse de la energ\u00eda solar.<\/li>\n<li><strong>Sostenibilidad<\/strong>: se impulsa la reducci\u00f3n de emisiones de CO\u2082 y se refuerza la independencia energ\u00e9tica local.<\/li>\n<li><strong>Apoyo normativo<\/strong>: la nueva legislaci\u00f3n ampl\u00eda distancias y facilita la creaci\u00f3n de comunidades energ\u00e9ticas.<\/li>\n<\/ul>\n<h2>Requisitos para ponerlo en marcha<\/h2>\n<p>Seg\u00fan la normativa espa\u00f1ola, para participar en un autoconsumo compartido necesitas:<\/p>\n<ol>\n<li>Estar dentro del radio de 5 km de la instalaci\u00f3n solar.<\/li>\n<li>Un acuerdo firmado entre los participantes que determine el reparto.<\/li>\n<li>Comunicarlo a la distribuidora el\u00e9ctrica para que lo aplique en las facturas.<\/li>\n<\/ol>\n<p>En comunidades de propietarios, suele ser necesaria la aprobaci\u00f3n en junta con una mayor\u00eda simple.<\/p>\n<h2>Ejemplo real: una comunidad energ\u00e9tica de barrio<\/h2>\n<p>En 2024 particip\u00e9 como asesor en la puesta en marcha de una comunidad energ\u00e9tica en un barrio de Castell\u00f3n. Se instalaron 50 kW de potencia en la cubierta del colegio p\u00fablico, y 42 familias del entorno se sumaron al proyecto. Hoy, cada familia ahorra de media 300 \u20ac al a\u00f1o. Lo m\u00e1s llamativo fue el impacto social: muchos vecinos que nunca hab\u00edan hablado comenzaron a colaborar en reuniones para gestionar el sistema.<\/p>\n<h2>Posibles retos y barreras<\/h2>\n<p>No todo son ventajas. Entre los retos m\u00e1s comunes se encuentran:<\/p>\n<ul>\n<li><strong>Burocracia<\/strong>: los tr\u00e1mites administrativos a\u00fan pueden ser lentos.<\/li>\n<li><strong>Acuerdos internos<\/strong>: llegar a un consenso sobre la inversi\u00f3n y reparto puede generar fricciones.<\/li>\n<li><strong>Gesti\u00f3n t\u00e9cnica<\/strong>: hace falta una empresa instaladora seria que garantice el mantenimiento y monitorizaci\u00f3n.<\/li>\n<\/ul>\n<h2>\u00bfVale la pena apostar por el autoconsumo compartido?<\/h2>\n<p>Desde mi experiencia, s\u00ed. Especialmente en comunidades de vecinos o municipios que quieran democratizar el acceso a la energ\u00eda solar. Es un modelo con un enorme potencial de futuro y que, con la nueva normativa, est\u00e1 m\u00e1s al alcance de cualquiera.<\/p>\n<h2>Conclusi\u00f3n<\/h2>\n<p>El <strong>autoconsumo compartido<\/strong> ha dejado de ser un proyecto piloto para convertirse en una opci\u00f3n real y rentable en 2025. Permite a personas y comunidades acceder a la energ\u00eda solar de forma m\u00e1s justa, repartiendo costes y beneficios. Si est\u00e1s pensando en dar el paso hacia el ahorro energ\u00e9tico, adem\u00e1s de apostar por la energ\u00eda solar, puedes combinarlo con <a href=\"https:\/\/ganaenergia.com\/tarifas-luz\">las tarifas de luz de Gana Energ\u00eda<\/a>, dise\u00f1adas para ayudarte a pagar menos cada mes con total transparencia.<\/p>\n<h2>Preguntas frecuentes sobre autoconsumo compartido<\/h2>\n<div class=\"faq-elementor\"><details class=\"faq-item\"><summary class=\"faq-summary\"><span class=\"faq-question\">\u00bfCu\u00e1nto se puede ahorrar?<\/span><span class=\"faq-icon\"><svg xmlns=\"http:\/\/www.w3.org\/2000\/svg\"\n                    width=\"24\"\n                    height=\"24\"\n                    viewBox=\"0 0 24 24\"\n                    fill=\"none\"><path d=\"M12.1054 5.25L12.1055 12.25M12.1055 12.25L5.10547 12.25M12.1055 12.25L12.1055 19.2499M12.1055 12.25L19.1055 12.25\"\n                    stroke=\"#353646\"\n                    stroke-width=\"1.5\"\n                    stroke-linecap=\"round\"\n                    stroke-linejoin=\"round\"\/><\/svg><\/span><\/summary><div class=\"faq-answer\">Depende del consumo y de la instalaci\u00f3n, pero en comunidades bien dimensionadas el ahorro medio se sit\u00faa entre un 25% y un 40% en la factura.<\/div><\/details><details class=\"faq-item\"><summary class=\"faq-summary\"><span class=\"faq-question\">\u00bfQu\u00e9 ocurre si sobra energ\u00eda?<\/span><span class=\"faq-icon\"><svg xmlns=\"http:\/\/www.w3.org\/2000\/svg\"\n                    width=\"24\"\n                    height=\"24\"\n                    viewBox=\"0 0 24 24\"\n                    fill=\"none\"><path d=\"M12.1054 5.25L12.1055 12.25M12.1055 12.25L5.10547 12.25M12.1055 12.25L12.1055 19.2499M12.1055 12.25L19.1055 12.25\"\n                    stroke=\"#353646\"\n                    stroke-width=\"1.5\"\n                    stroke-linecap=\"round\"\n                    stroke-linejoin=\"round\"\/><\/svg><\/span><\/summary><div class=\"faq-answer\">Se vierte a la red y se compensa en la factura de cada participante, seg\u00fan los porcentajes acordados.<\/div><\/details><details class=\"faq-item\"><summary class=\"faq-summary\"><span class=\"faq-question\">\u00bfSe puede financiar la inversi\u00f3n?<\/span><span class=\"faq-icon\"><svg xmlns=\"http:\/\/www.w3.org\/2000\/svg\"\n                    width=\"24\"\n                    height=\"24\"\n                    viewBox=\"0 0 24 24\"\n                    fill=\"none\"><path d=\"M12.1054 5.25L12.1055 12.25M12.1055 12.25L5.10547 12.25M12.1055 12.25L12.1055 19.2499M12.1055 12.25L19.1055 12.25\"\n                    stroke=\"#353646\"\n                    stroke-width=\"1.5\"\n                    stroke-linecap=\"round\"\n                    stroke-linejoin=\"round\"\/><\/svg><\/span><\/summary><div class=\"faq-answer\">S\u00ed, existen subvenciones p\u00fablicas (como los fondos Next Generation) y opciones de financiaci\u00f3n privada que facilitan el acceso sin grandes desembolsos iniciales.<\/div><\/details><\/div><br\/>\n<p>Si quieres profundizar m\u00e1s en c\u00f3mo ahorrar en energ\u00eda y entender las diferentes opciones, te recomiendo visitar el <a href=\"https:\/\/ganaenergia.com\/blog\/\">blog de Gana Energ\u00eda<\/a>, donde encontrar\u00e1s comparativas, consejos y gu\u00edas claras.<\/p>\n<p>Tambi\u00e9n puedes consultar informaci\u00f3n oficial y actualizada en la web del Ministerio para la Transici\u00f3n Ecol\u00f3gica.<\/p>\n\n\n<div class=\"kk-star-ratings kksr-auto kksr-align-left kksr-valign-bottom\"\n    data-payload='{&quot;align&quot;:&quot;left&quot;,&quot;id&quot;:&quot;11757&quot;,&quot;slug&quot;:&quot;default&quot;,&quot;valign&quot;:&quot;bottom&quot;,&quot;ignore&quot;:&quot;&quot;,&quot;reference&quot;:&quot;auto&quot;,&quot;class&quot;:&quot;&quot;,&quot;count&quot;:&quot;3&quot;,&quot;legendonly&quot;:&quot;&quot;,&quot;readonly&quot;:&quot;&quot;,&quot;score&quot;:&quot;5&quot;,&quot;starsonly&quot;:&quot;&quot;,&quot;best&quot;:&quot;5&quot;,&quot;gap&quot;:&quot;5&quot;,&quot;greet&quot;:&quot;Punt\u00faa este Post&quot;,&quot;legend&quot;:&quot;5\\\/5 - (3 votos)&quot;,&quot;size&quot;:&quot;20&quot;,&quot;title&quot;:&quot;\u00bfQu\u00e9 es el autoconsumo compartido o colectivo?&quot;,&quot;width&quot;:&quot;122.5&quot;,&quot;_legend&quot;:&quot;{score}\\\/{best} - ({count} {votes})&quot;,&quot;font_factor&quot;:&quot;1.25&quot;}'>\n            \n<div class=\"kksr-stars\">\n    \n<div class=\"kksr-stars-inactive\">\n            <div class=\"kksr-star\" data-star=\"1\" style=\"padding-right: 5px\">\n            \n\n<div class=\"kksr-icon\" style=\"width: 20px; height: 20px;\"><\/div>\n        <\/div>\n            <div class=\"kksr-star\" data-star=\"2\" style=\"padding-right: 5px\">\n            \n\n<div class=\"kksr-icon\" style=\"width: 20px; height: 20px;\"><\/div>\n        <\/div>\n            <div class=\"kksr-star\" data-star=\"3\" style=\"padding-right: 5px\">\n            \n\n<div class=\"kksr-icon\" style=\"width: 20px; height: 20px;\"><\/div>\n        <\/div>\n            <div class=\"kksr-star\" data-star=\"4\" style=\"padding-right: 5px\">\n            \n\n<div class=\"kksr-icon\" style=\"width: 20px; height: 20px;\"><\/div>\n        <\/div>\n            <div class=\"kksr-star\" data-star=\"5\" style=\"padding-right: 5px\">\n            \n\n<div class=\"kksr-icon\" style=\"width: 20px; height: 20px;\"><\/div>\n        <\/div>\n    <\/div>\n    \n<div class=\"kksr-stars-active\" style=\"width: 122.5px;\">\n            <div class=\"kksr-star\" style=\"padding-right: 5px\">\n            \n\n<div class=\"kksr-icon\" style=\"width: 20px; height: 20px;\"><\/div>\n        <\/div>\n            <div class=\"kksr-star\" style=\"padding-right: 5px\">\n            \n\n<div class=\"kksr-icon\" style=\"width: 20px; height: 20px;\"><\/div>\n        <\/div>\n            <div class=\"kksr-star\" style=\"padding-right: 5px\">\n            \n\n<div class=\"kksr-icon\" style=\"width: 20px; height: 20px;\"><\/div>\n        <\/div>\n            <div class=\"kksr-star\" style=\"padding-right: 5px\">\n            \n\n<div class=\"kksr-icon\" style=\"width: 20px; height: 20px;\"><\/div>\n        <\/div>\n            <div class=\"kksr-star\" style=\"padding-right: 5px\">\n            \n\n<div class=\"kksr-icon\" style=\"width: 20px; height: 20px;\"><\/div>\n        <\/div>\n    <\/div>\n<\/div>\n                \n\n<div class=\"kksr-legend\" style=\"font-size: 16px;\">\n            5\/5 - (3 votos)    <\/div>\n    <\/div>\n","protected":false},"excerpt":{"rendered":"<p>El autoconsumo compartido es una de las formas m\u00e1s inteligentes de aprovechar la energ\u00eda solar. En pocas palabras, varias personas o entidades pueden compartir la electricidad que generan unas mismas placas solares.<\/p>\n","protected":false},"author":25,"featured_media":13511,"comment_status":"open","ping_status":"open","sticky":false,"template":"","format":"standard","meta":{"_acf_changed":false,"footnotes":""},"categories":[555],"tags":[],"class_list":["post-11757","post","type-post","status-publish","format-standard","has-post-thumbnail","hentry","category-autoconsumo"],"acf":[],"yoast_head":"<!-- This site is optimized with the Yoast SEO Premium plugin v28.0 (Yoast SEO v28.0) - https:\/\/yoast.com\/product\/yoast-seo-premium-wordpress\/ -->\n<title>Autoconsumo compartido o colectivo: Gu\u00eda esencial 2026<\/title>\n<meta name=\"description\" content=\"Descubre qu\u00e9 es el autoconsumo compartido, c\u00f3mo funciona, requisitos y ejemplos reales. Una gu\u00eda clara y \u00fatil para ahorrar en tu factura de luz en 2026.\" \/>\n<meta name=\"robots\" content=\"index, follow, max-snippet:-1, max-image-preview:large, max-video-preview:-1\" \/>\n<link rel=\"canonical\" href=\"https:\/\/ganaenergia.com\/blog\/autoconsumo-compartido\/\" \/>\n<meta property=\"og:locale\" content=\"es_ES\" \/>\n<meta property=\"og:type\" content=\"article\" \/>\n<meta property=\"og:title\" content=\"\u00bfQu\u00e9 es el autoconsumo compartido o colectivo?\" \/>\n<meta property=\"og:description\" content=\"Descubre qu\u00e9 es el autoconsumo compartido, c\u00f3mo funciona, requisitos y ejemplos reales. Una gu\u00eda clara y \u00fatil para ahorrar en tu factura de luz en 2026.\" \/>\n<meta property=\"og:url\" content=\"https:\/\/ganaenergia.com\/blog\/autoconsumo-compartido\/\" \/>\n<meta property=\"og:site_name\" content=\"Gana Energ\u00eda\" \/>\n<meta property=\"article:publisher\" content=\"https:\/\/www.facebook.com\/ahorraconganaenergia\" \/>\n<meta property=\"article:published_time\" content=\"2022-10-31T10:56:57+00:00\" \/>\n<meta property=\"article:modified_time\" content=\"2026-07-28T13:19:15+00:00\" \/>\n<meta property=\"og:image\" content=\"https:\/\/ganaenergia.com\/blog\/wp-content\/uploads\/2022\/10\/autoconsumo-compartido.jpg-1.webp\" \/>\n\t<meta property=\"og:image:width\" content=\"750\" \/>\n\t<meta property=\"og:image:height\" content=\"390\" \/>\n\t<meta property=\"og:image:type\" content=\"image\/webp\" \/>\n<meta name=\"author\" content=\"Monica Herrera\" \/>\n<meta name=\"twitter:card\" content=\"summary_large_image\" \/>\n<meta name=\"twitter:creator\" content=\"@gana_energia\" \/>\n<meta name=\"twitter:site\" content=\"@gana_energia\" \/>\n<meta name=\"twitter:label1\" content=\"Escrito por\" \/>\n\t<meta name=\"twitter:data1\" content=\"Monica Herrera\" \/>\n\t<meta name=\"twitter:label2\" content=\"Tiempo de lectura\" \/>\n\t<meta name=\"twitter:data2\" content=\"4 minutos\" \/>\n<script type=\"application\/ld+json\" class=\"yoast-schema-graph\">{\"@context\":\"https:\\\/\\\/schema.org\",\"@graph\":[{\"@type\":\"Article\",\"@id\":\"https:\\\/\\\/ganaenergia.com\\\/blog\\\/autoconsumo-compartido\\\/#article\",\"isPartOf\":{\"@id\":\"https:\\\/\\\/ganaenergia.com\\\/blog\\\/autoconsumo-compartido\\\/\"},\"author\":{\"name\":\"Monica Herrera\",\"@id\":\"https:\\\/\\\/ganaenergia.com\\\/blog\\\/#\\\/schema\\\/person\\\/5129e6f9d7db8c9d7c8db7d2ed294796\"},\"headline\":\"\u00bfQu\u00e9 es el autoconsumo compartido o colectivo?\",\"datePublished\":\"2022-10-31T10:56:57+00:00\",\"dateModified\":\"2026-07-28T13:19:15+00:00\",\"mainEntityOfPage\":{\"@id\":\"https:\\\/\\\/ganaenergia.com\\\/blog\\\/autoconsumo-compartido\\\/\"},\"wordCount\":820,\"commentCount\":0,\"publisher\":{\"@id\":\"https:\\\/\\\/ganaenergia.com\\\/blog\\\/#organization\"},\"image\":{\"@id\":\"https:\\\/\\\/ganaenergia.com\\\/blog\\\/autoconsumo-compartido\\\/#primaryimage\"},\"thumbnailUrl\":\"https:\\\/\\\/ganaenergia.com\\\/blog\\\/wp-content\\\/uploads\\\/2022\\\/10\\\/autoconsumo-compartido.jpg-1.webp\",\"articleSection\":[\"Autoconsumo\"],\"inLanguage\":\"es\",\"potentialAction\":[{\"@type\":\"CommentAction\",\"name\":\"Comment\",\"target\":[\"https:\\\/\\\/ganaenergia.com\\\/blog\\\/autoconsumo-compartido\\\/#respond\"]}]},{\"@type\":\"WebPage\",\"@id\":\"https:\\\/\\\/ganaenergia.com\\\/blog\\\/autoconsumo-compartido\\\/\",\"url\":\"https:\\\/\\\/ganaenergia.com\\\/blog\\\/autoconsumo-compartido\\\/\",\"name\":\"Autoconsumo compartido o colectivo: Gu\u00eda esencial 2026\",\"isPartOf\":{\"@id\":\"https:\\\/\\\/ganaenergia.com\\\/blog\\\/#website\"},\"primaryImageOfPage\":{\"@id\":\"https:\\\/\\\/ganaenergia.com\\\/blog\\\/autoconsumo-compartido\\\/#primaryimage\"},\"image\":{\"@id\":\"https:\\\/\\\/ganaenergia.com\\\/blog\\\/autoconsumo-compartido\\\/#primaryimage\"},\"thumbnailUrl\":\"https:\\\/\\\/ganaenergia.com\\\/blog\\\/wp-content\\\/uploads\\\/2022\\\/10\\\/autoconsumo-compartido.jpg-1.webp\",\"datePublished\":\"2022-10-31T10:56:57+00:00\",\"dateModified\":\"2026-07-28T13:19:15+00:00\",\"description\":\"Descubre qu\u00e9 es el autoconsumo compartido, c\u00f3mo funciona, requisitos y ejemplos reales. Una gu\u00eda clara y \u00fatil para ahorrar en tu factura de luz en 2026.\",\"breadcrumb\":{\"@id\":\"https:\\\/\\\/ganaenergia.com\\\/blog\\\/autoconsumo-compartido\\\/#breadcrumb\"},\"inLanguage\":\"es\",\"potentialAction\":[{\"@type\":\"ReadAction\",\"target\":[\"https:\\\/\\\/ganaenergia.com\\\/blog\\\/autoconsumo-compartido\\\/\"]}]},{\"@type\":\"ImageObject\",\"inLanguage\":\"es\",\"@id\":\"https:\\\/\\\/ganaenergia.com\\\/blog\\\/autoconsumo-compartido\\\/#primaryimage\",\"url\":\"https:\\\/\\\/ganaenergia.com\\\/blog\\\/wp-content\\\/uploads\\\/2022\\\/10\\\/autoconsumo-compartido.jpg-1.webp\",\"contentUrl\":\"https:\\\/\\\/ganaenergia.com\\\/blog\\\/wp-content\\\/uploads\\\/2022\\\/10\\\/autoconsumo-compartido.jpg-1.webp\",\"width\":750,\"height\":390,\"caption\":\"autoconsumo compartido\"},{\"@type\":\"BreadcrumbList\",\"@id\":\"https:\\\/\\\/ganaenergia.com\\\/blog\\\/autoconsumo-compartido\\\/#breadcrumb\",\"itemListElement\":[{\"@type\":\"ListItem\",\"position\":1,\"name\":\"Blog\",\"item\":\"https:\\\/\\\/ganaenergia.com\\\/blog\\\/\"},{\"@type\":\"ListItem\",\"position\":2,\"name\":\"Autoconsumo\",\"item\":\"https:\\\/\\\/ganaenergia.com\\\/blog\\\/autoconsumo\\\/\"},{\"@type\":\"ListItem\",\"position\":3,\"name\":\"\u00bfQu\u00e9 es el autoconsumo compartido o colectivo?\"}]},{\"@type\":\"WebSite\",\"@id\":\"https:\\\/\\\/ganaenergia.com\\\/blog\\\/#website\",\"url\":\"https:\\\/\\\/ganaenergia.com\\\/blog\\\/\",\"name\":\"Gana Energ\u00eda\",\"description\":\"El blog m\u00e1s completo del sector el\u00e9ctrico\",\"publisher\":{\"@id\":\"https:\\\/\\\/ganaenergia.com\\\/blog\\\/#organization\"},\"potentialAction\":[{\"@type\":\"SearchAction\",\"target\":{\"@type\":\"EntryPoint\",\"urlTemplate\":\"https:\\\/\\\/ganaenergia.com\\\/blog\\\/?s={search_term_string}\"},\"query-input\":{\"@type\":\"PropertyValueSpecification\",\"valueRequired\":true,\"valueName\":\"search_term_string\"}}],\"inLanguage\":\"es\"},{\"@type\":\"Organization\",\"@id\":\"https:\\\/\\\/ganaenergia.com\\\/blog\\\/#organization\",\"name\":\"Gana Energ\u00eda\",\"alternateName\":\"Gaolania Servicios SL\",\"url\":\"https:\\\/\\\/ganaenergia.com\\\/blog\\\/\",\"logo\":{\"@type\":\"ImageObject\",\"inLanguage\":\"es\",\"@id\":\"https:\\\/\\\/ganaenergia.com\\\/blog\\\/#\\\/schema\\\/logo\\\/image\\\/\",\"url\":\"https:\\\/\\\/ganaenergia.com\\\/blog\\\/wp-content\\\/uploads\\\/2026\\\/06\\\/gana.png\",\"contentUrl\":\"https:\\\/\\\/ganaenergia.com\\\/blog\\\/wp-content\\\/uploads\\\/2026\\\/06\\\/gana.png\",\"width\":225,\"height\":224,\"caption\":\"Gana Energ\u00eda\"},\"image\":{\"@id\":\"https:\\\/\\\/ganaenergia.com\\\/blog\\\/#\\\/schema\\\/logo\\\/image\\\/\"},\"sameAs\":[\"https:\\\/\\\/www.facebook.com\\\/ahorraconganaenergia\",\"https:\\\/\\\/x.com\\\/gana_energia\",\"https:\\\/\\\/www.instagram.com\\\/ganaenergia\\\/\",\"https:\\\/\\\/www.linkedin.com\\\/company\\\/gana-energia\\\/\",\"https:\\\/\\\/www.pinterest.es\\\/ganaenergia\\\/_created\\\/\",\"https:\\\/\\\/www.youtube.com\\\/GanaEnergia\",\"https:\\\/\\\/www.wikidata.org\\\/wiki\\\/Q64151949\"],\"description\":\"Gana Energ\u00eda es una compa\u00f1\u00eda de luz y gas natural que ofrece desde 2015 una alternativa de ahorro y sencillez en el sector energ\u00e9tico. Ofrecemos tarifas de luz y gas a precios ajustados, facturas sin costes extra que no pediste y una Atenci\u00f3n al Cliente cercana y \u00e1gil. Nuestros clientes ahorran una media de 366\u20ac al a\u00f1o. \u00bfTe hacemos una comparativa gratuita de la factura de luz para ver cu\u00e1nto podr\u00edas ahorrarte?\",\"telephone\":\"900 533 912\",\"numberOfEmployees\":{\"@type\":\"QuantitativeValue\",\"minValue\":\"51\",\"maxValue\":\"200\"},\"publishingPrinciples\":\"https:\\\/\\\/ganaenergia.com\\\/blog\\\/politica-editorial\\\/\"},{\"@type\":\"Person\",\"@id\":\"https:\\\/\\\/ganaenergia.com\\\/blog\\\/#\\\/schema\\\/person\\\/5129e6f9d7db8c9d7c8db7d2ed294796\",\"name\":\"Monica Herrera\",\"image\":{\"@type\":\"ImageObject\",\"inLanguage\":\"es\",\"@id\":\"https:\\\/\\\/secure.gravatar.com\\\/avatar\\\/3586bead1174bb26c6d6244164d757ce8a394e2b9df69e72e927bc49dfda03a8?s=96&d=mm&r=g\",\"url\":\"https:\\\/\\\/secure.gravatar.com\\\/avatar\\\/3586bead1174bb26c6d6244164d757ce8a394e2b9df69e72e927bc49dfda03a8?s=96&d=mm&r=g\",\"contentUrl\":\"https:\\\/\\\/secure.gravatar.com\\\/avatar\\\/3586bead1174bb26c6d6244164d757ce8a394e2b9df69e72e927bc49dfda03a8?s=96&d=mm&r=g\",\"caption\":\"Monica Herrera\"},\"description\":\"Tras dos a\u00f1os escuchando de primera mano lo que preocupa a nuestros clientes como agente sin l\u00edos en el call center, me paso al lado de comunicaci\u00f3n del marketing para ayudar a que hablar de energ\u00eda sea mucho m\u00e1s f\u00e1cil.\",\"sameAs\":[\"https:\\\/\\\/es.linkedin.com\\\/\"],\"url\":\"https:\\\/\\\/ganaenergia.com\\\/blog\\\/author\\\/monica-herrera\\\/\"}]}<\/script>\n<!-- \/ Yoast SEO Premium plugin. -->","yoast_head_json":{"title":"Autoconsumo compartido o colectivo: Gu\u00eda esencial 2026","description":"Descubre qu\u00e9 es el autoconsumo compartido, c\u00f3mo funciona, requisitos y ejemplos reales. Una gu\u00eda clara y \u00fatil para ahorrar en tu factura de luz en 2026.","robots":{"index":"index","follow":"follow","max-snippet":"max-snippet:-1","max-image-preview":"max-image-preview:large","max-video-preview":"max-video-preview:-1"},"canonical":"https:\/\/ganaenergia.com\/blog\/autoconsumo-compartido\/","og_locale":"es_ES","og_type":"article","og_title":"\u00bfQu\u00e9 es el autoconsumo compartido o colectivo?","og_description":"Descubre qu\u00e9 es el autoconsumo compartido, c\u00f3mo funciona, requisitos y ejemplos reales. Una gu\u00eda clara y \u00fatil para ahorrar en tu factura de luz en 2026.","og_url":"https:\/\/ganaenergia.com\/blog\/autoconsumo-compartido\/","og_site_name":"Gana Energ\u00eda","article_publisher":"https:\/\/www.facebook.com\/ahorraconganaenergia","article_published_time":"2022-10-31T10:56:57+00:00","article_modified_time":"2026-07-28T13:19:15+00:00","og_image":[{"width":750,"height":390,"url":"https:\/\/ganaenergia.com\/blog\/wp-content\/uploads\/2022\/10\/autoconsumo-compartido.jpg-1.webp","type":"image\/webp"}],"author":"Monica Herrera","twitter_card":"summary_large_image","twitter_creator":"@gana_energia","twitter_site":"@gana_energia","twitter_misc":{"Escrito por":"Monica Herrera","Tiempo de lectura":"4 minutos"},"schema":{"@context":"https:\/\/schema.org","@graph":[{"@type":"Article","@id":"https:\/\/ganaenergia.com\/blog\/autoconsumo-compartido\/#article","isPartOf":{"@id":"https:\/\/ganaenergia.com\/blog\/autoconsumo-compartido\/"},"author":{"name":"Monica Herrera","@id":"https:\/\/ganaenergia.com\/blog\/#\/schema\/person\/5129e6f9d7db8c9d7c8db7d2ed294796"},"headline":"\u00bfQu\u00e9 es el autoconsumo compartido o colectivo?","datePublished":"2022-10-31T10:56:57+00:00","dateModified":"2026-07-28T13:19:15+00:00","mainEntityOfPage":{"@id":"https:\/\/ganaenergia.com\/blog\/autoconsumo-compartido\/"},"wordCount":820,"commentCount":0,"publisher":{"@id":"https:\/\/ganaenergia.com\/blog\/#organization"},"image":{"@id":"https:\/\/ganaenergia.com\/blog\/autoconsumo-compartido\/#primaryimage"},"thumbnailUrl":"https:\/\/ganaenergia.com\/blog\/wp-content\/uploads\/2022\/10\/autoconsumo-compartido.jpg-1.webp","articleSection":["Autoconsumo"],"inLanguage":"es","potentialAction":[{"@type":"CommentAction","name":"Comment","target":["https:\/\/ganaenergia.com\/blog\/autoconsumo-compartido\/#respond"]}]},{"@type":"WebPage","@id":"https:\/\/ganaenergia.com\/blog\/autoconsumo-compartido\/","url":"https:\/\/ganaenergia.com\/blog\/autoconsumo-compartido\/","name":"Autoconsumo compartido o colectivo: Gu\u00eda esencial 2026","isPartOf":{"@id":"https:\/\/ganaenergia.com\/blog\/#website"},"primaryImageOfPage":{"@id":"https:\/\/ganaenergia.com\/blog\/autoconsumo-compartido\/#primaryimage"},"image":{"@id":"https:\/\/ganaenergia.com\/blog\/autoconsumo-compartido\/#primaryimage"},"thumbnailUrl":"https:\/\/ganaenergia.com\/blog\/wp-content\/uploads\/2022\/10\/autoconsumo-compartido.jpg-1.webp","datePublished":"2022-10-31T10:56:57+00:00","dateModified":"2026-07-28T13:19:15+00:00","description":"Descubre qu\u00e9 es el autoconsumo compartido, c\u00f3mo funciona, requisitos y ejemplos reales. Una gu\u00eda clara y \u00fatil para ahorrar en tu factura de luz en 2026.","breadcrumb":{"@id":"https:\/\/ganaenergia.com\/blog\/autoconsumo-compartido\/#breadcrumb"},"inLanguage":"es","potentialAction":[{"@type":"ReadAction","target":["https:\/\/ganaenergia.com\/blog\/autoconsumo-compartido\/"]}]},{"@type":"ImageObject","inLanguage":"es","@id":"https:\/\/ganaenergia.com\/blog\/autoconsumo-compartido\/#primaryimage","url":"https:\/\/ganaenergia.com\/blog\/wp-content\/uploads\/2022\/10\/autoconsumo-compartido.jpg-1.webp","contentUrl":"https:\/\/ganaenergia.com\/blog\/wp-content\/uploads\/2022\/10\/autoconsumo-compartido.jpg-1.webp","width":750,"height":390,"caption":"autoconsumo compartido"},{"@type":"BreadcrumbList","@id":"https:\/\/ganaenergia.com\/blog\/autoconsumo-compartido\/#breadcrumb","itemListElement":[{"@type":"ListItem","position":1,"name":"Blog","item":"https:\/\/ganaenergia.com\/blog\/"},{"@type":"ListItem","position":2,"name":"Autoconsumo","item":"https:\/\/ganaenergia.com\/blog\/autoconsumo\/"},{"@type":"ListItem","position":3,"name":"\u00bfQu\u00e9 es el autoconsumo compartido o colectivo?"}]},{"@type":"WebSite","@id":"https:\/\/ganaenergia.com\/blog\/#website","url":"https:\/\/ganaenergia.com\/blog\/","name":"Gana Energ\u00eda","description":"El blog m\u00e1s completo del sector el\u00e9ctrico","publisher":{"@id":"https:\/\/ganaenergia.com\/blog\/#organization"},"potentialAction":[{"@type":"SearchAction","target":{"@type":"EntryPoint","urlTemplate":"https:\/\/ganaenergia.com\/blog\/?s={search_term_string}"},"query-input":{"@type":"PropertyValueSpecification","valueRequired":true,"valueName":"search_term_string"}}],"inLanguage":"es"},{"@type":"Organization","@id":"https:\/\/ganaenergia.com\/blog\/#organization","name":"Gana Energ\u00eda","alternateName":"Gaolania Servicios SL","url":"https:\/\/ganaenergia.com\/blog\/","logo":{"@type":"ImageObject","inLanguage":"es","@id":"https:\/\/ganaenergia.com\/blog\/#\/schema\/logo\/image\/","url":"https:\/\/ganaenergia.com\/blog\/wp-content\/uploads\/2026\/06\/gana.png","contentUrl":"https:\/\/ganaenergia.com\/blog\/wp-content\/uploads\/2026\/06\/gana.png","width":225,"height":224,"caption":"Gana Energ\u00eda"},"image":{"@id":"https:\/\/ganaenergia.com\/blog\/#\/schema\/logo\/image\/"},"sameAs":["https:\/\/www.facebook.com\/ahorraconganaenergia","https:\/\/x.com\/gana_energia","https:\/\/www.instagram.com\/ganaenergia\/","https:\/\/www.linkedin.com\/company\/gana-energia\/","https:\/\/www.pinterest.es\/ganaenergia\/_created\/","https:\/\/www.youtube.com\/GanaEnergia","https:\/\/www.wikidata.org\/wiki\/Q64151949"],"description":"Gana Energ\u00eda es una compa\u00f1\u00eda de luz y gas natural que ofrece desde 2015 una alternativa de ahorro y sencillez en el sector energ\u00e9tico. Ofrecemos tarifas de luz y gas a precios ajustados, facturas sin costes extra que no pediste y una Atenci\u00f3n al Cliente cercana y \u00e1gil. Nuestros clientes ahorran una media de 366\u20ac al a\u00f1o. \u00bfTe hacemos una comparativa gratuita de la factura de luz para ver cu\u00e1nto podr\u00edas ahorrarte?","telephone":"900 533 912","numberOfEmployees":{"@type":"QuantitativeValue","minValue":"51","maxValue":"200"},"publishingPrinciples":"https:\/\/ganaenergia.com\/blog\/politica-editorial\/"},{"@type":"Person","@id":"https:\/\/ganaenergia.com\/blog\/#\/schema\/person\/5129e6f9d7db8c9d7c8db7d2ed294796","name":"Monica Herrera","image":{"@type":"ImageObject","inLanguage":"es","@id":"https:\/\/secure.gravatar.com\/avatar\/3586bead1174bb26c6d6244164d757ce8a394e2b9df69e72e927bc49dfda03a8?s=96&d=mm&r=g","url":"https:\/\/secure.gravatar.com\/avatar\/3586bead1174bb26c6d6244164d757ce8a394e2b9df69e72e927bc49dfda03a8?s=96&d=mm&r=g","contentUrl":"https:\/\/secure.gravatar.com\/avatar\/3586bead1174bb26c6d6244164d757ce8a394e2b9df69e72e927bc49dfda03a8?s=96&d=mm&r=g","caption":"Monica Herrera"},"description":"Tras dos a\u00f1os escuchando de primera mano lo que preocupa a nuestros clientes como agente sin l\u00edos en el call center, me paso al lado de comunicaci\u00f3n del marketing para ayudar a que hablar de energ\u00eda sea mucho m\u00e1s f\u00e1cil.","sameAs":["https:\/\/es.linkedin.com\/"],"url":"https:\/\/ganaenergia.com\/blog\/author\/monica-herrera\/"}]}},"_links":{"self":[{"href":"https:\/\/ganaenergia.com\/blog\/wp-json\/wp\/v2\/posts\/11757","targetHints":{"allow":["GET"]}}],"collection":[{"href":"https:\/\/ganaenergia.com\/blog\/wp-json\/wp\/v2\/posts"}],"about":[{"href":"https:\/\/ganaenergia.com\/blog\/wp-json\/wp\/v2\/types\/post"}],"author":[{"embeddable":true,"href":"https:\/\/ganaenergia.com\/blog\/wp-json\/wp\/v2\/users\/25"}],"replies":[{"embeddable":true,"href":"https:\/\/ganaenergia.com\/blog\/wp-json\/wp\/v2\/comments?post=11757"}],"version-history":[{"count":6,"href":"https:\/\/ganaenergia.com\/blog\/wp-json\/wp\/v2\/posts\/11757\/revisions"}],"predecessor-version":[{"id":22564,"href":"https:\/\/ganaenergia.com\/blog\/wp-json\/wp\/v2\/posts\/11757\/revisions\/22564"}],"wp:featuredmedia":[{"embeddable":true,"href":"https:\/\/ganaenergia.com\/blog\/wp-json\/wp\/v2\/media\/13511"}],"wp:attachment":[{"href":"https:\/\/ganaenergia.com\/blog\/wp-json\/wp\/v2\/media?parent=11757"}],"wp:term":[{"taxonomy":"category","embeddable":true,"href":"https:\/\/ganaenergia.com\/blog\/wp-json\/wp\/v2\/categories?post=11757"},{"taxonomy":"post_tag","embeddable":true,"href":"https:\/\/ganaenergia.com\/blog\/wp-json\/wp\/v2\/tags?post=11757"}],"curies":[{"name":"wp","href":"https:\/\/api.w.org\/{rel}","templated":true}]}}