{"id":21583,"date":"2026-07-09T15:44:49","date_gmt":"2026-07-09T13:44:49","guid":{"rendered":"https:\/\/ganaenergia.com\/blog\/?p=21583"},"modified":"2026-08-11T09:17:14","modified_gmt":"2026-08-11T07:17:14","slug":"consumo-electrico-verano-factura-luz","status":"publish","type":"post","link":"https:\/\/ganaenergia.com\/blog\/consumo-electrico-verano-factura-luz\/","title":{"rendered":"\u00bfTu factura de la luz sube en verano? Descubre por qu\u00e9 y c\u00f3mo evitarlo"},"content":{"rendered":"<p>Cada verano ocurre lo mismo. Llegan las <b>olas de calor y el uso intensivo del aire acondicionado<\/b> vuelve a poner la factura de la luz en el centro de las miradas. Seguro que t\u00fa tambi\u00e9n lo has notado: en cuanto los term\u00f3metros rozan m\u00e1ximos, <b>el miedo a recibir tu factura de luz crece<\/b>.<\/p>\n<p>En Gana Energ\u00eda, convivo a diario con estas preocupaciones de clientes, pero es que adem\u00e1s yo tambi\u00e9n lo sufro en casa. Por eso, he sacado n\u00fameros para explicarte exactamente <b>cu\u00e1nto se dispara el consumo de luz en verano<\/b>.<\/p>\n<p>Tambi\u00e9n te voy a contar <b>qu\u00e9 hago en mi d\u00eda a d\u00eda para mantener el control del gasto de electricidad<\/b> sin pasar calor.<\/p>\n<h2>\u00bfCu\u00e1nto aumenta la factura de la luz en verano?<\/h2>\n<p>He analizado datos de consumo de las facturas de nuestros m\u00e1s de 500.000 clientes para poder extraer estos datos.<\/p>\n<p>Estas son las conclusiones: El <b><a href=\"https:\/\/www.tribunadeandalucia.es\/el-consumo-electrico-se-dispara-un-40-en-verano-y-encarece-la-factura-9e-al-mes-en-plena-ola-de-calor\/\" target=\"_blank\" rel=\"noopener\">consumo el\u00e9ctrico de los hogares se dispara un 40%<\/a> en julio y agosto<\/b> respecto a los meses previos al verano (como abril y mayo) y la factura media pasa de:<\/p>\n<ul>\n<li><b>44,54 \u20ac al mes<\/b> durante abril y mayo<\/li>\n<li><b>53,22 \u20ac al mes<\/b> en julio y agosto<\/li>\n<\/ul>\n<p>Esto supone un <b>incremento medio de 8,68 \u20ac mensuales por hogar<\/b> \u00fanicamente por el aumento del consumo propio del verano.<\/p>\n<p>Adem\u00e1s, <b>agosto es el segundo mes con la factura el\u00e9ctrica m\u00e1s elevada del a\u00f1o<\/b>, solo superado por diciembre.<\/p>\n<h2>\u00bfPor qu\u00e9 aumenta tanto el consumo el\u00e9ctrico en verano?<\/h2>\n<p>El <b>aire acondicionado es el principal responsable<\/b>, pero no el \u00fanico.<\/p>\n<p>Cuando llegan las altas temperaturas cambian completamente nuestros h\u00e1bitos de consumo. Los principales culpables son:<\/p>\n<ul>\n<li>Aire acondicionado funcionando durante muchas horas.<\/li>\n<li>Ventiladores en marcha de forma constante.<\/li>\n<li>Frigor\u00edfico y congelador trabajando con m\u00e1s esfuerzo por el calor ambiental.<\/li>\n<li>Lavadoras y lavavajillas us\u00e1ndose con mayor frecuencia.<\/li>\n<li>M\u00e1s dispositivos electr\u00f3nicos encendidos y m\u00e1s tiempo en casa.<\/li>\n<\/ul>\n<p>Seg\u00fan Antonio Picazo, CEO de Gana Energ\u00eda, el verano es uno de los momentos del a\u00f1o en los que m\u00e1s se tensiona la factura el\u00e9ctrica. Muchas familias cambian completamente sus h\u00e1bitos y eso termina reflej\u00e1ndose en el recibo.<\/p>\n<h2>\u00bfC\u00f3mo reduzco el consumo del aire acondicionado?<\/h2>\n<p>El aire acondicionado es el gran protagonista. Sin duda; pero en realidad, <b>c\u00f3mo utilizamos estos aparatos influye bastante<\/b>.<\/p>\n<p>Un equipo moderno con tecnolog\u00eda <i>inverter<\/i> puede resultar bastante eficiente. El problema real aparece cuando:<\/p>\n<ul>\n<li>Se fija una temperatura demasiado baja <b>(con 24 \u00baC es m\u00e1s que suficiente)<\/b>.<\/li>\n<li>Lo dejas encendido todo el d\u00eda, en todas las habitaciones, sin control.<\/li>\n<li>La vivienda pierde fr\u00edo por ventanas o persianas mal aisladas.<\/li>\n<\/ul>\n<p>Si quieres conocer el gasto real de cada tipo de equipo, puedes consultar nuestra gu\u00eda sobre <a href=\"https:\/\/ganaenergia.com\/blog\/cuanto-consume-un-aire-acondicionado\/\"><b>cu\u00e1nto consume un aire acondicionado<\/b><\/a>.<\/p>\n<h2>\u00bfCu\u00e1nto consume una casa en verano?<\/h2>\n<p>Tomando como referencia nuestros datos:<\/p>\n<ul>\n<li>Julio y agosto presentan un consumo aproximadamente un <b>40% superior<\/b> respecto a abril y mayo.<\/li>\n<li>Si lo comparamos con el consumo medio de todo el a\u00f1o, hablamos de que el <b>consumo de verano est\u00e1 11% por encima de la media anual<\/b>.<\/li>\n<\/ul>\n<p>Es decir, no hablamos \u00fanicamente de unos d\u00edas de ola de calor, sino de un periodo completo en el que la demanda energ\u00e9tica aumenta de forma constante.<\/p>\n<h2>C\u00f3mo evitar que la factura de la luz se dispare este verano: Mis trucos personales<\/h2>\n<p><img fetchpriority=\"high\" decoding=\"async\" class=\"aligncenter size-full wp-image-21585\" src=\"https:\/\/ganaenergia.com\/blog\/wp-content\/uploads\/2026\/07\/consumo-electrico-verano-1.png\" alt=\"consumo el\u00e9ctrico verano\" width=\"448\" height=\"282\" srcset=\"https:\/\/ganaenergia.com\/blog\/wp-content\/uploads\/2026\/07\/consumo-electrico-verano-1.png 448w, https:\/\/ganaenergia.com\/blog\/wp-content\/uploads\/2026\/07\/consumo-electrico-verano-1-300x189.png 300w\" sizes=\"(max-width: 448px) 100vw, 448px\" \/><\/p>\n<p>La buena noticia es que gran parte del incremento puede reducirse con peque\u00f1os cambios.<\/p>\n<h3>1. Mantengo el aire acondicionado entre 24 y 26 \u00baC<\/h3>\n<p><a href=\"https:\/\/www.idae.es\/ahorra-energia\/recomendaciones-para-el-ahorro-energetico-en-hogares\" target=\"_blank\" rel=\"noopener\">Seg\u00fan el IDAE<\/a> cada grado menos aumenta el consumo entre un 7% y un 10%.<\/p>\n<p>Por eso, <b>en mi casa el termostato no baja de 25 \u00baC<\/b>; es una temperatura m\u00e1s que suficiente para mantener el confort con un gasto razonable.<\/p>\n<h3>2. Utilizo el modo ECO y lo combino con el ventilador<\/h3>\n<p>Mi aparato tiene un modo ahorro que reduce el consumo manteniendo la temperatura estable.<\/p>\n<p>Adem\u00e1s, tengo un <b>ventilador de techo que consume poqu\u00edsimo<\/b>; poner ambos a la vez mueve el aire fr\u00edo y aumenta la sensaci\u00f3n de frescor sin necesidad de bajar los grados del aire.<\/p>\n<h3>3. Bajo las persianas durante las horas de m\u00e1s sol<\/h3>\n<p>Al salir de casa para ir al trabajo, <b>cierro todas las persianas para tratar de mantenerla aislada del calor del exterior<\/b>. Si estoy en casa, hago lo mismo hasta las \u00faltimas horas del d\u00eda.<\/p>\n<h3>4. Ventilo de madrugada o a primera hora<\/h3>\n<p>Las <b>primeras horas de la ma\u00f1ana y las noches<\/b> son los \u00fanicos momentos en los que abro las ventanas de par en par para renovar el aire aprovechando el frescor exterior.<\/p>\n<h3>5. No enfr\u00edo habitaciones vac\u00edas<\/h3>\n<p>En casa, tengo aires acondicionados tipo split en el despacho, el sal\u00f3n y el dormitorio. Si <b>s\u00e9 que voy a estar en el despacho, solo enciendo el aparato del despacho<\/b>.<\/p>\n<p>Si en tu caso tienes la climatizaci\u00f3n centralizada, puedes <b>configurar zonas e incluso horarios<\/b>.<\/p>\n<h3>6. Revisa tu tarifa el\u00e9ctrica<\/h3>\n<p>Siempre recomiendo a los clientes que una factura alta no solo se debe a consumir m\u00e1s.<\/p>\n<p>Tambi\u00e9n influye:<\/p>\n<ul>\n<li>Pagar un precio inflado por el kWh.<\/li>\n<li>Tener una potencia contratada superior a la necesaria.<\/li>\n<li>Tener servicios adicionales que no utilizas.<\/li>\n<\/ul>\n<p>Una <a href=\"https:\/\/ganaenergia.com\/comparativa-luz\">comparativa de tu factura<\/a> puede generar m\u00e1s ahorro que reducir unas pocas horas el aire acondicionado.<\/p>\n<h2>Preguntas frecuentes sobre el consumo el\u00e9ctrico en verano<\/h2>\n<div class=\"faq-elementor\"><details class=\"faq-item\"><summary class=\"faq-summary\"><span class=\"faq-question\">\u00bfCu\u00e1nto sube la factura de la luz en verano?<\/span><span class=\"faq-icon\"><svg xmlns=\"http:\/\/www.w3.org\/2000\/svg\"\n                    width=\"24\"\n                    height=\"24\"\n                    viewBox=\"0 0 24 24\"\n                    fill=\"none\"><path d=\"M12.1054 5.25L12.1055 12.25M12.1055 12.25L5.10547 12.25M12.1055 12.25L12.1055 19.2499M12.1055 12.25L19.1055 12.25\"\n                    stroke=\"#353646\"\n                    stroke-width=\"1.5\"\n                    stroke-linecap=\"round\"\n                    stroke-linejoin=\"round\"\/><\/svg><\/span><\/summary><div class=\"faq-answer\">&lt;p data-path-to-node=<\/div><\/details><details class=\"faq-item\"><summary class=\"faq-summary\"><span class=\"faq-question\">\u00bfPor qu\u00e9 aumenta tanto el consumo el\u00e9ctrico en verano?<\/span><span class=\"faq-icon\"><svg xmlns=\"http:\/\/www.w3.org\/2000\/svg\"\n                    width=\"24\"\n                    height=\"24\"\n                    viewBox=\"0 0 24 24\"\n                    fill=\"none\"><path d=\"M12.1054 5.25L12.1055 12.25M12.1055 12.25L5.10547 12.25M12.1055 12.25L12.1055 19.2499M12.1055 12.25L19.1055 12.25\"\n                    stroke=\"#353646\"\n                    stroke-width=\"1.5\"\n                    stroke-linecap=\"round\"\n                    stroke-linejoin=\"round\"\/><\/svg><\/span><\/summary><div class=\"faq-answer\">&lt;p data-path-to-node=<\/div><\/details><details class=\"faq-item\"><summary class=\"faq-summary\"><span class=\"faq-question\">\u00bfCu\u00e1l es la temperatura ideal del aire acondicionado para ahorrar?<\/span><span class=\"faq-icon\"><svg xmlns=\"http:\/\/www.w3.org\/2000\/svg\"\n                    width=\"24\"\n                    height=\"24\"\n                    viewBox=\"0 0 24 24\"\n                    fill=\"none\"><path d=\"M12.1054 5.25L12.1055 12.25M12.1055 12.25L5.10547 12.25M12.1055 12.25L12.1055 19.2499M12.1055 12.25L19.1055 12.25\"\n                    stroke=\"#353646\"\n                    stroke-width=\"1.5\"\n                    stroke-linecap=\"round\"\n                    stroke-linejoin=\"round\"\/><\/svg><\/span><\/summary><div class=\"faq-answer\">&lt;p data-path-to-node=<\/div><\/details><details class=\"faq-item\"><summary class=\"faq-summary\"><span class=\"faq-question\">\u00bfEs mejor usar ventilador o aire acondicionado?<\/span><span class=\"faq-icon\"><svg xmlns=\"http:\/\/www.w3.org\/2000\/svg\"\n                    width=\"24\"\n                    height=\"24\"\n                    viewBox=\"0 0 24 24\"\n                    fill=\"none\"><path d=\"M12.1054 5.25L12.1055 12.25M12.1055 12.25L5.10547 12.25M12.1055 12.25L12.1055 19.2499M12.1055 12.25L19.1055 12.25\"\n                    stroke=\"#353646\"\n                    stroke-width=\"1.5\"\n                    stroke-linecap=\"round\"\n                    stroke-linejoin=\"round\"\/><\/svg><\/span><\/summary><div class=\"faq-answer\">&lt;p data-path-to-node=<\/div><\/details><details class=\"faq-item\"><summary class=\"faq-summary\"><span class=\"faq-question\">\u00bfQu\u00e9 electrodom\u00e9sticos consumen m\u00e1s en verano?<\/span><span class=\"faq-icon\"><svg xmlns=\"http:\/\/www.w3.org\/2000\/svg\"\n                    width=\"24\"\n                    height=\"24\"\n                    viewBox=\"0 0 24 24\"\n                    fill=\"none\"><path d=\"M12.1054 5.25L12.1055 12.25M12.1055 12.25L5.10547 12.25M12.1055 12.25L12.1055 19.2499M12.1055 12.25L19.1055 12.25\"\n                    stroke=\"#353646\"\n                    stroke-width=\"1.5\"\n                    stroke-linecap=\"round\"\n                    stroke-linejoin=\"round\"\/><\/svg><\/span><\/summary><div class=\"faq-answer\">&lt;div class=<\/div><\/details><\/div><br\/>\n<h2>El mejor momento para revisar tu factura<\/h2>\n<p>No podemos evitar las olas de calor, pero s\u00ed podemos controlar c\u00f3mo consumimos y cu\u00e1nto pagamos por esa energ\u00eda.<\/p>\n<p>En Gana Energ\u00eda siempre recomendamos revisar la tarifa antes de los meses de mayor consumo. En muchos casos, ajustar la potencia contratada o elegir una tarifa m\u00e1s adaptada a tus h\u00e1bitos puede ayudarte a reducir la factura sin renunciar al confort.<\/p>\n<p>Si quieres saber si est\u00e1s pagando m\u00e1s de la cuenta, ll\u00e1manos al <b>960 202 543<\/b>. Revisaremos tu factura en minutos y te ayudaremos a encontrar la <a href=\"https:\/\/ganaenergia.com\/tarifas-luz\">tarifa de luz<\/a> que mejor se adapte a tu consumo.<\/p>\n\n\n<div class=\"kk-star-ratings kksr-auto kksr-align-left kksr-valign-bottom\"\n    data-payload='{&quot;align&quot;:&quot;left&quot;,&quot;id&quot;:&quot;21583&quot;,&quot;slug&quot;:&quot;default&quot;,&quot;valign&quot;:&quot;bottom&quot;,&quot;ignore&quot;:&quot;&quot;,&quot;reference&quot;:&quot;auto&quot;,&quot;class&quot;:&quot;&quot;,&quot;count&quot;:&quot;5&quot;,&quot;legendonly&quot;:&quot;&quot;,&quot;readonly&quot;:&quot;&quot;,&quot;score&quot;:&quot;5&quot;,&quot;starsonly&quot;:&quot;&quot;,&quot;best&quot;:&quot;5&quot;,&quot;gap&quot;:&quot;5&quot;,&quot;greet&quot;:&quot;Punt\u00faa este Post&quot;,&quot;legend&quot;:&quot;5\\\/5 - (5 votos)&quot;,&quot;size&quot;:&quot;20&quot;,&quot;title&quot;:&quot;\u00bfTu factura de la luz sube en verano? Descubre por qu\u00e9 y c\u00f3mo evitarlo&quot;,&quot;width&quot;:&quot;122.5&quot;,&quot;_legend&quot;:&quot;{score}\\\/{best} - ({count} {votes})&quot;,&quot;font_factor&quot;:&quot;1.25&quot;}'>\n            \n<div class=\"kksr-stars\">\n    \n<div class=\"kksr-stars-inactive\">\n            <div class=\"kksr-star\" data-star=\"1\" style=\"padding-right: 5px\">\n            \n\n<div class=\"kksr-icon\" style=\"width: 20px; height: 20px;\"><\/div>\n        <\/div>\n            <div class=\"kksr-star\" data-star=\"2\" style=\"padding-right: 5px\">\n            \n\n<div class=\"kksr-icon\" style=\"width: 20px; height: 20px;\"><\/div>\n        <\/div>\n            <div class=\"kksr-star\" data-star=\"3\" style=\"padding-right: 5px\">\n            \n\n<div class=\"kksr-icon\" style=\"width: 20px; height: 20px;\"><\/div>\n        <\/div>\n            <div class=\"kksr-star\" data-star=\"4\" style=\"padding-right: 5px\">\n            \n\n<div class=\"kksr-icon\" style=\"width: 20px; height: 20px;\"><\/div>\n        <\/div>\n            <div class=\"kksr-star\" data-star=\"5\" style=\"padding-right: 5px\">\n            \n\n<div class=\"kksr-icon\" style=\"width: 20px; height: 20px;\"><\/div>\n        <\/div>\n    <\/div>\n    \n<div class=\"kksr-stars-active\" style=\"width: 122.5px;\">\n            <div class=\"kksr-star\" style=\"padding-right: 5px\">\n            \n\n<div class=\"kksr-icon\" style=\"width: 20px; height: 20px;\"><\/div>\n        <\/div>\n            <div class=\"kksr-star\" style=\"padding-right: 5px\">\n            \n\n<div class=\"kksr-icon\" style=\"width: 20px; height: 20px;\"><\/div>\n        <\/div>\n            <div class=\"kksr-star\" style=\"padding-right: 5px\">\n            \n\n<div class=\"kksr-icon\" style=\"width: 20px; height: 20px;\"><\/div>\n        <\/div>\n            <div class=\"kksr-star\" style=\"padding-right: 5px\">\n            \n\n<div class=\"kksr-icon\" style=\"width: 20px; height: 20px;\"><\/div>\n        <\/div>\n            <div class=\"kksr-star\" style=\"padding-right: 5px\">\n            \n\n<div class=\"kksr-icon\" style=\"width: 20px; height: 20px;\"><\/div>\n        <\/div>\n    <\/div>\n<\/div>\n                \n\n<div class=\"kksr-legend\" style=\"font-size: 16px;\">\n            5\/5 - (5 votos)    <\/div>\n    <\/div>\n","protected":false},"excerpt":{"rendered":"<p>Cada verano ocurre lo mismo. Llegan las olas de calor y el uso intensivo del aire acondicionado vuelve a poner la factura de la luz en el centro de las miradas. Por eso, he sacado n\u00fameros para explicarte exactamente cu\u00e1nto se dispara el consumo de luz en verano.\u00a0<\/p>\n","protected":false},"author":14,"featured_media":21585,"comment_status":"open","ping_status":"open","sticky":false,"template":"","format":"standard","meta":{"_acf_changed":false,"footnotes":""},"categories":[875],"tags":[865,864,866,863,862,876],"class_list":["post-21583","post","type-post","status-publish","format-standard","has-post-thumbnail","hentry","category-luz","tag-ahorrar-factura-verano","tag-ahorro-luz-verano","tag-consejos-ahorro-energetico-verano","tag-cuanto-sube-la-factura-de-la-luz-en-verano","tag-factura-de-la-luz-verano","tag-luz-sube-en-verano"],"acf":[],"yoast_head":"<!-- This site is optimized with the Yoast SEO Premium plugin v28.0 (Yoast SEO v28.0) - https:\/\/yoast.com\/product\/yoast-seo-premium-wordpress\/ -->\n<title>El consumo el\u00e9ctrico se dispara un 40% en verano: c\u00f3mo ahorrar - Gana Energ\u00eda<\/title>\n<meta name=\"description\" content=\"Descubre por qu\u00e9 el consumo el\u00e9ctrico aumenta un 40% en verano, cu\u00e1nto puede subir tu factura de la luz y los mejores consejos para ahorrar.\" \/>\n<meta name=\"robots\" content=\"index, follow, max-snippet:-1, max-image-preview:large, max-video-preview:-1\" \/>\n<link rel=\"canonical\" href=\"https:\/\/ganaenergia.com\/blog\/consumo-electrico-verano-factura-luz\/\" \/>\n<meta property=\"og:locale\" content=\"es_ES\" \/>\n<meta property=\"og:type\" content=\"article\" \/>\n<meta property=\"og:title\" content=\"\u00bfTu factura de la luz sube en verano? Descubre por qu\u00e9 y c\u00f3mo evitarlo\" \/>\n<meta property=\"og:description\" content=\"Descubre por qu\u00e9 el consumo el\u00e9ctrico aumenta un 40% en verano, cu\u00e1nto puede subir tu factura de la luz y los mejores consejos para ahorrar.\" \/>\n<meta property=\"og:url\" content=\"https:\/\/ganaenergia.com\/blog\/consumo-electrico-verano-factura-luz\/\" \/>\n<meta property=\"og:site_name\" content=\"Gana Energ\u00eda\" \/>\n<meta property=\"article:publisher\" content=\"https:\/\/www.facebook.com\/ahorraconganaenergia\" \/>\n<meta property=\"article:published_time\" content=\"2026-07-09T13:44:49+00:00\" \/>\n<meta property=\"article:modified_time\" content=\"2026-08-11T07:17:14+00:00\" \/>\n<meta property=\"og:image\" content=\"https:\/\/ganaenergia.com\/blog\/wp-content\/uploads\/2026\/07\/consumo-electrico-verano-1.png\" \/>\n\t<meta property=\"og:image:width\" content=\"448\" \/>\n\t<meta property=\"og:image:height\" content=\"282\" \/>\n\t<meta property=\"og:image:type\" content=\"image\/png\" \/>\n<meta name=\"author\" content=\"Concha Molina\" \/>\n<meta name=\"twitter:card\" content=\"summary_large_image\" \/>\n<meta name=\"twitter:creator\" content=\"@gana_energia\" \/>\n<meta name=\"twitter:site\" content=\"@gana_energia\" \/>\n<meta name=\"twitter:label1\" content=\"Escrito por\" \/>\n\t<meta name=\"twitter:data1\" content=\"Concha Molina\" \/>\n\t<meta name=\"twitter:label2\" content=\"Tiempo de lectura\" \/>\n\t<meta name=\"twitter:data2\" content=\"5 minutos\" \/>\n<script type=\"application\/ld+json\" class=\"yoast-schema-graph\">{\"@context\":\"https:\\\/\\\/schema.org\",\"@graph\":[{\"@type\":\"Article\",\"@id\":\"https:\\\/\\\/ganaenergia.com\\\/blog\\\/consumo-electrico-verano-factura-luz\\\/#article\",\"isPartOf\":{\"@id\":\"https:\\\/\\\/ganaenergia.com\\\/blog\\\/consumo-electrico-verano-factura-luz\\\/\"},\"author\":{\"name\":\"Concha Molina\",\"@id\":\"https:\\\/\\\/ganaenergia.com\\\/blog\\\/#\\\/schema\\\/person\\\/eee72144acf56db989672545521a00d5\"},\"headline\":\"\u00bfTu factura de la luz sube en verano? Descubre por qu\u00e9 y c\u00f3mo evitarlo\",\"datePublished\":\"2026-07-09T13:44:49+00:00\",\"dateModified\":\"2026-08-11T07:17:14+00:00\",\"mainEntityOfPage\":{\"@id\":\"https:\\\/\\\/ganaenergia.com\\\/blog\\\/consumo-electrico-verano-factura-luz\\\/\"},\"wordCount\":1337,\"commentCount\":0,\"publisher\":{\"@id\":\"https:\\\/\\\/ganaenergia.com\\\/blog\\\/#organization\"},\"image\":{\"@id\":\"https:\\\/\\\/ganaenergia.com\\\/blog\\\/consumo-electrico-verano-factura-luz\\\/#primaryimage\"},\"thumbnailUrl\":\"https:\\\/\\\/ganaenergia.com\\\/blog\\\/wp-content\\\/uploads\\\/2026\\\/07\\\/consumo-electrico-verano-1.png\",\"keywords\":[\"ahorrar factura verano\",\"ahorro luz verano\",\"consejos ahorro energ\u00e9tico verano\",\"cu\u00e1nto sube la factura de la luz en verano\",\"factura de la luz verano\",\"luz sube en verano\"],\"articleSection\":[\"Luz\"],\"inLanguage\":\"es\",\"potentialAction\":[{\"@type\":\"CommentAction\",\"name\":\"Comment\",\"target\":[\"https:\\\/\\\/ganaenergia.com\\\/blog\\\/consumo-electrico-verano-factura-luz\\\/#respond\"]}]},{\"@type\":\"WebPage\",\"@id\":\"https:\\\/\\\/ganaenergia.com\\\/blog\\\/consumo-electrico-verano-factura-luz\\\/\",\"url\":\"https:\\\/\\\/ganaenergia.com\\\/blog\\\/consumo-electrico-verano-factura-luz\\\/\",\"name\":\"El consumo el\u00e9ctrico se dispara un 40% en verano: c\u00f3mo ahorrar - Gana Energ\u00eda\",\"isPartOf\":{\"@id\":\"https:\\\/\\\/ganaenergia.com\\\/blog\\\/#website\"},\"primaryImageOfPage\":{\"@id\":\"https:\\\/\\\/ganaenergia.com\\\/blog\\\/consumo-electrico-verano-factura-luz\\\/#primaryimage\"},\"image\":{\"@id\":\"https:\\\/\\\/ganaenergia.com\\\/blog\\\/consumo-electrico-verano-factura-luz\\\/#primaryimage\"},\"thumbnailUrl\":\"https:\\\/\\\/ganaenergia.com\\\/blog\\\/wp-content\\\/uploads\\\/2026\\\/07\\\/consumo-electrico-verano-1.png\",\"datePublished\":\"2026-07-09T13:44:49+00:00\",\"dateModified\":\"2026-08-11T07:17:14+00:00\",\"description\":\"Descubre por qu\u00e9 el consumo el\u00e9ctrico aumenta un 40% en verano, cu\u00e1nto puede subir tu factura de la luz y los mejores consejos para ahorrar.\",\"breadcrumb\":{\"@id\":\"https:\\\/\\\/ganaenergia.com\\\/blog\\\/consumo-electrico-verano-factura-luz\\\/#breadcrumb\"},\"inLanguage\":\"es\",\"potentialAction\":[{\"@type\":\"ReadAction\",\"target\":[\"https:\\\/\\\/ganaenergia.com\\\/blog\\\/consumo-electrico-verano-factura-luz\\\/\"]}]},{\"@type\":\"ImageObject\",\"inLanguage\":\"es\",\"@id\":\"https:\\\/\\\/ganaenergia.com\\\/blog\\\/consumo-electrico-verano-factura-luz\\\/#primaryimage\",\"url\":\"https:\\\/\\\/ganaenergia.com\\\/blog\\\/wp-content\\\/uploads\\\/2026\\\/07\\\/consumo-electrico-verano-1.png\",\"contentUrl\":\"https:\\\/\\\/ganaenergia.com\\\/blog\\\/wp-content\\\/uploads\\\/2026\\\/07\\\/consumo-electrico-verano-1.png\",\"width\":448,\"height\":282,\"caption\":\"consumo el\u00e9ctrico verano\"},{\"@type\":\"BreadcrumbList\",\"@id\":\"https:\\\/\\\/ganaenergia.com\\\/blog\\\/consumo-electrico-verano-factura-luz\\\/#breadcrumb\",\"itemListElement\":[{\"@type\":\"ListItem\",\"position\":1,\"name\":\"Blog\",\"item\":\"https:\\\/\\\/ganaenergia.com\\\/blog\\\/\"},{\"@type\":\"ListItem\",\"position\":2,\"name\":\"Luz\",\"item\":\"https:\\\/\\\/ganaenergia.com\\\/blog\\\/luz\\\/\"},{\"@type\":\"ListItem\",\"position\":3,\"name\":\"\u00bfTu factura de la luz sube en verano? Descubre por qu\u00e9 y c\u00f3mo evitarlo\"}]},{\"@type\":\"WebSite\",\"@id\":\"https:\\\/\\\/ganaenergia.com\\\/blog\\\/#website\",\"url\":\"https:\\\/\\\/ganaenergia.com\\\/blog\\\/\",\"name\":\"Gana Energ\u00eda\",\"description\":\"El blog m\u00e1s completo del sector el\u00e9ctrico\",\"publisher\":{\"@id\":\"https:\\\/\\\/ganaenergia.com\\\/blog\\\/#organization\"},\"potentialAction\":[{\"@type\":\"SearchAction\",\"target\":{\"@type\":\"EntryPoint\",\"urlTemplate\":\"https:\\\/\\\/ganaenergia.com\\\/blog\\\/?s={search_term_string}\"},\"query-input\":{\"@type\":\"PropertyValueSpecification\",\"valueRequired\":true,\"valueName\":\"search_term_string\"}}],\"inLanguage\":\"es\"},{\"@type\":\"Organization\",\"@id\":\"https:\\\/\\\/ganaenergia.com\\\/blog\\\/#organization\",\"name\":\"Gana Energ\u00eda\",\"alternateName\":\"Gaolania Servicios SL\",\"url\":\"https:\\\/\\\/ganaenergia.com\\\/blog\\\/\",\"logo\":{\"@type\":\"ImageObject\",\"inLanguage\":\"es\",\"@id\":\"https:\\\/\\\/ganaenergia.com\\\/blog\\\/#\\\/schema\\\/logo\\\/image\\\/\",\"url\":\"https:\\\/\\\/ganaenergia.com\\\/blog\\\/wp-content\\\/uploads\\\/2026\\\/06\\\/gana.png\",\"contentUrl\":\"https:\\\/\\\/ganaenergia.com\\\/blog\\\/wp-content\\\/uploads\\\/2026\\\/06\\\/gana.png\",\"width\":225,\"height\":224,\"caption\":\"Gana Energ\u00eda\"},\"image\":{\"@id\":\"https:\\\/\\\/ganaenergia.com\\\/blog\\\/#\\\/schema\\\/logo\\\/image\\\/\"},\"sameAs\":[\"https:\\\/\\\/www.facebook.com\\\/ahorraconganaenergia\",\"https:\\\/\\\/x.com\\\/gana_energia\",\"https:\\\/\\\/www.instagram.com\\\/ganaenergia\\\/\",\"https:\\\/\\\/www.linkedin.com\\\/company\\\/gana-energia\\\/\",\"https:\\\/\\\/www.pinterest.es\\\/ganaenergia\\\/_created\\\/\",\"https:\\\/\\\/www.youtube.com\\\/GanaEnergia\",\"https:\\\/\\\/www.wikidata.org\\\/wiki\\\/Q64151949\"],\"description\":\"Gana Energ\u00eda es una compa\u00f1\u00eda de luz y gas natural que ofrece desde 2015 una alternativa de ahorro y sencillez en el sector energ\u00e9tico. Ofrecemos tarifas de luz y gas a precios ajustados, facturas sin costes extra que no pediste y una Atenci\u00f3n al Cliente cercana y \u00e1gil. Nuestros clientes ahorran una media de 366\u20ac al a\u00f1o. \u00bfTe hacemos una comparativa gratuita de la factura de luz para ver cu\u00e1nto podr\u00edas ahorrarte?\",\"telephone\":\"900 533 912\",\"numberOfEmployees\":{\"@type\":\"QuantitativeValue\",\"minValue\":\"51\",\"maxValue\":\"200\"},\"publishingPrinciples\":\"https:\\\/\\\/ganaenergia.com\\\/blog\\\/politica-editorial\\\/\"},{\"@type\":\"Person\",\"@id\":\"https:\\\/\\\/ganaenergia.com\\\/blog\\\/#\\\/schema\\\/person\\\/eee72144acf56db989672545521a00d5\",\"name\":\"Concha Molina\",\"image\":{\"@type\":\"ImageObject\",\"inLanguage\":\"es\",\"@id\":\"https:\\\/\\\/secure.gravatar.com\\\/avatar\\\/08541c5abc8069e78b9d3261e5bf9c63175eaf736887b0c92f62e6ceed31aa42?s=96&d=mm&r=g\",\"url\":\"https:\\\/\\\/secure.gravatar.com\\\/avatar\\\/08541c5abc8069e78b9d3261e5bf9c63175eaf736887b0c92f62e6ceed31aa42?s=96&d=mm&r=g\",\"contentUrl\":\"https:\\\/\\\/secure.gravatar.com\\\/avatar\\\/08541c5abc8069e78b9d3261e5bf9c63175eaf736887b0c92f62e6ceed31aa42?s=96&d=mm&r=g\",\"caption\":\"Concha Molina\"},\"description\":\"Brand &amp; Content Manager en Gana Energ\u00eda. Escribe sobre energ\u00eda, ahorro y consumo responsable con un objetivo: explicar de forma sencilla todo lo que necesitas saber para tomar mejores decisiones sobre tu luz y tu gas, sin tecnicismos ni l\u00edos.\",\"sameAs\":[\"https:\\\/\\\/es.linkedin.com\\\/in\\\/concha-molina-vila-470948195\"],\"url\":\"https:\\\/\\\/ganaenergia.com\\\/blog\\\/author\\\/concha\\\/\"}]}<\/script>\n<!-- \/ Yoast SEO Premium plugin. -->","yoast_head_json":{"title":"El consumo el\u00e9ctrico se dispara un 40% en verano: c\u00f3mo ahorrar - Gana Energ\u00eda","description":"Descubre por qu\u00e9 el consumo el\u00e9ctrico aumenta un 40% en verano, cu\u00e1nto puede subir tu factura de la luz y los mejores consejos para ahorrar.","robots":{"index":"index","follow":"follow","max-snippet":"max-snippet:-1","max-image-preview":"max-image-preview:large","max-video-preview":"max-video-preview:-1"},"canonical":"https:\/\/ganaenergia.com\/blog\/consumo-electrico-verano-factura-luz\/","og_locale":"es_ES","og_type":"article","og_title":"\u00bfTu factura de la luz sube en verano? Descubre por qu\u00e9 y c\u00f3mo evitarlo","og_description":"Descubre por qu\u00e9 el consumo el\u00e9ctrico aumenta un 40% en verano, cu\u00e1nto puede subir tu factura de la luz y los mejores consejos para ahorrar.","og_url":"https:\/\/ganaenergia.com\/blog\/consumo-electrico-verano-factura-luz\/","og_site_name":"Gana Energ\u00eda","article_publisher":"https:\/\/www.facebook.com\/ahorraconganaenergia","article_published_time":"2026-07-09T13:44:49+00:00","article_modified_time":"2026-08-11T07:17:14+00:00","og_image":[{"width":448,"height":282,"url":"https:\/\/ganaenergia.com\/blog\/wp-content\/uploads\/2026\/07\/consumo-electrico-verano-1.png","type":"image\/png"}],"author":"Concha Molina","twitter_card":"summary_large_image","twitter_creator":"@gana_energia","twitter_site":"@gana_energia","twitter_misc":{"Escrito por":"Concha Molina","Tiempo de lectura":"5 minutos"},"schema":{"@context":"https:\/\/schema.org","@graph":[{"@type":"Article","@id":"https:\/\/ganaenergia.com\/blog\/consumo-electrico-verano-factura-luz\/#article","isPartOf":{"@id":"https:\/\/ganaenergia.com\/blog\/consumo-electrico-verano-factura-luz\/"},"author":{"name":"Concha Molina","@id":"https:\/\/ganaenergia.com\/blog\/#\/schema\/person\/eee72144acf56db989672545521a00d5"},"headline":"\u00bfTu factura de la luz sube en verano? Descubre por qu\u00e9 y c\u00f3mo evitarlo","datePublished":"2026-07-09T13:44:49+00:00","dateModified":"2026-08-11T07:17:14+00:00","mainEntityOfPage":{"@id":"https:\/\/ganaenergia.com\/blog\/consumo-electrico-verano-factura-luz\/"},"wordCount":1337,"commentCount":0,"publisher":{"@id":"https:\/\/ganaenergia.com\/blog\/#organization"},"image":{"@id":"https:\/\/ganaenergia.com\/blog\/consumo-electrico-verano-factura-luz\/#primaryimage"},"thumbnailUrl":"https:\/\/ganaenergia.com\/blog\/wp-content\/uploads\/2026\/07\/consumo-electrico-verano-1.png","keywords":["ahorrar factura verano","ahorro luz verano","consejos ahorro energ\u00e9tico verano","cu\u00e1nto sube la factura de la luz en verano","factura de la luz verano","luz sube en verano"],"articleSection":["Luz"],"inLanguage":"es","potentialAction":[{"@type":"CommentAction","name":"Comment","target":["https:\/\/ganaenergia.com\/blog\/consumo-electrico-verano-factura-luz\/#respond"]}]},{"@type":"WebPage","@id":"https:\/\/ganaenergia.com\/blog\/consumo-electrico-verano-factura-luz\/","url":"https:\/\/ganaenergia.com\/blog\/consumo-electrico-verano-factura-luz\/","name":"El consumo el\u00e9ctrico se dispara un 40% en verano: c\u00f3mo ahorrar - Gana Energ\u00eda","isPartOf":{"@id":"https:\/\/ganaenergia.com\/blog\/#website"},"primaryImageOfPage":{"@id":"https:\/\/ganaenergia.com\/blog\/consumo-electrico-verano-factura-luz\/#primaryimage"},"image":{"@id":"https:\/\/ganaenergia.com\/blog\/consumo-electrico-verano-factura-luz\/#primaryimage"},"thumbnailUrl":"https:\/\/ganaenergia.com\/blog\/wp-content\/uploads\/2026\/07\/consumo-electrico-verano-1.png","datePublished":"2026-07-09T13:44:49+00:00","dateModified":"2026-08-11T07:17:14+00:00","description":"Descubre por qu\u00e9 el consumo el\u00e9ctrico aumenta un 40% en verano, cu\u00e1nto puede subir tu factura de la luz y los mejores consejos para ahorrar.","breadcrumb":{"@id":"https:\/\/ganaenergia.com\/blog\/consumo-electrico-verano-factura-luz\/#breadcrumb"},"inLanguage":"es","potentialAction":[{"@type":"ReadAction","target":["https:\/\/ganaenergia.com\/blog\/consumo-electrico-verano-factura-luz\/"]}]},{"@type":"ImageObject","inLanguage":"es","@id":"https:\/\/ganaenergia.com\/blog\/consumo-electrico-verano-factura-luz\/#primaryimage","url":"https:\/\/ganaenergia.com\/blog\/wp-content\/uploads\/2026\/07\/consumo-electrico-verano-1.png","contentUrl":"https:\/\/ganaenergia.com\/blog\/wp-content\/uploads\/2026\/07\/consumo-electrico-verano-1.png","width":448,"height":282,"caption":"consumo el\u00e9ctrico verano"},{"@type":"BreadcrumbList","@id":"https:\/\/ganaenergia.com\/blog\/consumo-electrico-verano-factura-luz\/#breadcrumb","itemListElement":[{"@type":"ListItem","position":1,"name":"Blog","item":"https:\/\/ganaenergia.com\/blog\/"},{"@type":"ListItem","position":2,"name":"Luz","item":"https:\/\/ganaenergia.com\/blog\/luz\/"},{"@type":"ListItem","position":3,"name":"\u00bfTu factura de la luz sube en verano? Descubre por qu\u00e9 y c\u00f3mo evitarlo"}]},{"@type":"WebSite","@id":"https:\/\/ganaenergia.com\/blog\/#website","url":"https:\/\/ganaenergia.com\/blog\/","name":"Gana Energ\u00eda","description":"El blog m\u00e1s completo del sector el\u00e9ctrico","publisher":{"@id":"https:\/\/ganaenergia.com\/blog\/#organization"},"potentialAction":[{"@type":"SearchAction","target":{"@type":"EntryPoint","urlTemplate":"https:\/\/ganaenergia.com\/blog\/?s={search_term_string}"},"query-input":{"@type":"PropertyValueSpecification","valueRequired":true,"valueName":"search_term_string"}}],"inLanguage":"es"},{"@type":"Organization","@id":"https:\/\/ganaenergia.com\/blog\/#organization","name":"Gana Energ\u00eda","alternateName":"Gaolania Servicios SL","url":"https:\/\/ganaenergia.com\/blog\/","logo":{"@type":"ImageObject","inLanguage":"es","@id":"https:\/\/ganaenergia.com\/blog\/#\/schema\/logo\/image\/","url":"https:\/\/ganaenergia.com\/blog\/wp-content\/uploads\/2026\/06\/gana.png","contentUrl":"https:\/\/ganaenergia.com\/blog\/wp-content\/uploads\/2026\/06\/gana.png","width":225,"height":224,"caption":"Gana Energ\u00eda"},"image":{"@id":"https:\/\/ganaenergia.com\/blog\/#\/schema\/logo\/image\/"},"sameAs":["https:\/\/www.facebook.com\/ahorraconganaenergia","https:\/\/x.com\/gana_energia","https:\/\/www.instagram.com\/ganaenergia\/","https:\/\/www.linkedin.com\/company\/gana-energia\/","https:\/\/www.pinterest.es\/ganaenergia\/_created\/","https:\/\/www.youtube.com\/GanaEnergia","https:\/\/www.wikidata.org\/wiki\/Q64151949"],"description":"Gana Energ\u00eda es una compa\u00f1\u00eda de luz y gas natural que ofrece desde 2015 una alternativa de ahorro y sencillez en el sector energ\u00e9tico. Ofrecemos tarifas de luz y gas a precios ajustados, facturas sin costes extra que no pediste y una Atenci\u00f3n al Cliente cercana y \u00e1gil. Nuestros clientes ahorran una media de 366\u20ac al a\u00f1o. \u00bfTe hacemos una comparativa gratuita de la factura de luz para ver cu\u00e1nto podr\u00edas ahorrarte?","telephone":"900 533 912","numberOfEmployees":{"@type":"QuantitativeValue","minValue":"51","maxValue":"200"},"publishingPrinciples":"https:\/\/ganaenergia.com\/blog\/politica-editorial\/"},{"@type":"Person","@id":"https:\/\/ganaenergia.com\/blog\/#\/schema\/person\/eee72144acf56db989672545521a00d5","name":"Concha Molina","image":{"@type":"ImageObject","inLanguage":"es","@id":"https:\/\/secure.gravatar.com\/avatar\/08541c5abc8069e78b9d3261e5bf9c63175eaf736887b0c92f62e6ceed31aa42?s=96&d=mm&r=g","url":"https:\/\/secure.gravatar.com\/avatar\/08541c5abc8069e78b9d3261e5bf9c63175eaf736887b0c92f62e6ceed31aa42?s=96&d=mm&r=g","contentUrl":"https:\/\/secure.gravatar.com\/avatar\/08541c5abc8069e78b9d3261e5bf9c63175eaf736887b0c92f62e6ceed31aa42?s=96&d=mm&r=g","caption":"Concha Molina"},"description":"Brand &amp; Content Manager en Gana Energ\u00eda. Escribe sobre energ\u00eda, ahorro y consumo responsable con un objetivo: explicar de forma sencilla todo lo que necesitas saber para tomar mejores decisiones sobre tu luz y tu gas, sin tecnicismos ni l\u00edos.","sameAs":["https:\/\/es.linkedin.com\/in\/concha-molina-vila-470948195"],"url":"https:\/\/ganaenergia.com\/blog\/author\/concha\/"}]}},"_links":{"self":[{"href":"https:\/\/ganaenergia.com\/blog\/wp-json\/wp\/v2\/posts\/21583","targetHints":{"allow":["GET"]}}],"collection":[{"href":"https:\/\/ganaenergia.com\/blog\/wp-json\/wp\/v2\/posts"}],"about":[{"href":"https:\/\/ganaenergia.com\/blog\/wp-json\/wp\/v2\/types\/post"}],"author":[{"embeddable":true,"href":"https:\/\/ganaenergia.com\/blog\/wp-json\/wp\/v2\/users\/14"}],"replies":[{"embeddable":true,"href":"https:\/\/ganaenergia.com\/blog\/wp-json\/wp\/v2\/comments?post=21583"}],"version-history":[{"count":6,"href":"https:\/\/ganaenergia.com\/blog\/wp-json\/wp\/v2\/posts\/21583\/revisions"}],"predecessor-version":[{"id":23164,"href":"https:\/\/ganaenergia.com\/blog\/wp-json\/wp\/v2\/posts\/21583\/revisions\/23164"}],"wp:featuredmedia":[{"embeddable":true,"href":"https:\/\/ganaenergia.com\/blog\/wp-json\/wp\/v2\/media\/21585"}],"wp:attachment":[{"href":"https:\/\/ganaenergia.com\/blog\/wp-json\/wp\/v2\/media?parent=21583"}],"wp:term":[{"taxonomy":"category","embeddable":true,"href":"https:\/\/ganaenergia.com\/blog\/wp-json\/wp\/v2\/categories?post=21583"},{"taxonomy":"post_tag","embeddable":true,"href":"https:\/\/ganaenergia.com\/blog\/wp-json\/wp\/v2\/tags?post=21583"}],"curies":[{"name":"wp","href":"https:\/\/api.w.org\/{rel}","templated":true}]}}