{"id":3983,"date":"2026-03-17T10:05:57","date_gmt":"2026-03-17T09:05:57","guid":{"rendered":"https:\/\/ganaenergia.com\/blog\/?p=3983"},"modified":"2026-08-06T10:11:33","modified_gmt":"2026-08-06T08:11:33","slug":"mejores-tarifas-de-luz-para-autonomos","status":"publish","type":"post","link":"https:\/\/ganaenergia.com\/blog\/mejores-tarifas-de-luz-para-autonomos\/","title":{"rendered":"\u00bfC\u00f3mo elegir la mejor tarifa de luz para aut\u00f3nomos?"},"content":{"rendered":"<p data-start=\"341\" data-end=\"463\"><span class=\"BZ_Pyq_fadeIn\">Si <\/span><span class=\"BZ_Pyq_fadeIn\">eres <\/span><span class=\"BZ_Pyq_fadeIn\">aut\u00f3nomo, <\/span><span class=\"BZ_Pyq_fadeIn\">hay <\/span><span class=\"BZ_Pyq_fadeIn\">algo <\/span><span class=\"BZ_Pyq_fadeIn\">que <\/span><span class=\"BZ_Pyq_fadeIn\">casi <\/span><span class=\"BZ_Pyq_fadeIn\">seguro <\/span><span class=\"BZ_Pyq_fadeIn\">te <\/span><span class=\"BZ_Pyq_fadeIn\">est\u00e1 <\/span><span class=\"BZ_Pyq_fadeIn\">pasando: <\/span><span class=\"BZ_Pyq_fadeIn\">est\u00e1s <\/span><span class=\"BZ_Pyq_fadeIn\">pagando <\/span><span class=\"BZ_Pyq_fadeIn\">la <\/span><span class=\"BZ_Pyq_fadeIn\">luz\u2026 <\/span><span class=\"BZ_Pyq_fadeIn\">pero <\/span><span class=\"BZ_Pyq_fadeIn\">no <\/span><span class=\"BZ_Pyq_fadeIn\">sabes <\/span><span class=\"BZ_Pyq_fadeIn\">si tienes la mejor tarifa de luz.\u00a0<\/span><span class=\"BZ_Pyq_fadeIn\">Y <\/span><span class=\"BZ_Pyq_fadeIn\">no <\/span><span class=\"BZ_Pyq_fadeIn\">es <\/span><span class=\"BZ_Pyq_fadeIn\">culpa <\/span><span class=\"BZ_Pyq_fadeIn\">tuya.<\/span><\/p>\n<p data-start=\"486\" data-end=\"735\"><span class=\"BZ_Pyq_fadeIn\">La <\/span><span class=\"BZ_Pyq_fadeIn\">factura <\/span><span class=\"BZ_Pyq_fadeIn\">de <\/span><span class=\"BZ_Pyq_fadeIn\">la <\/span><span class=\"BZ_Pyq_fadeIn\">luz <\/span><span class=\"BZ_Pyq_fadeIn\">es <\/span><span class=\"BZ_Pyq_fadeIn\">uno <\/span><span class=\"BZ_Pyq_fadeIn\">de <\/span><span class=\"BZ_Pyq_fadeIn\">esos <\/span><span class=\"BZ_Pyq_fadeIn\">gastos <\/span><span class=\"BZ_Pyq_fadeIn\">que <\/span><span class=\"BZ_Pyq_fadeIn\">pasan <\/span><span class=\"BZ_Pyq_fadeIn\">desapercibidos. <\/span><span class=\"BZ_Pyq_fadeIn\">Llega, <\/span><span class=\"BZ_Pyq_fadeIn\">se <\/span><span class=\"BZ_Pyq_fadeIn\">paga\u2026 <\/span><span class=\"BZ_Pyq_fadeIn\">y <\/span><span class=\"BZ_Pyq_fadeIn\">ya. <\/span><span class=\"BZ_Pyq_fadeIn\">Pero <\/span><span class=\"BZ_Pyq_fadeIn\">cuando <\/span><span class=\"BZ_Pyq_fadeIn\">empiezas <\/span><span class=\"BZ_Pyq_fadeIn\">a <\/span><span class=\"BZ_Pyq_fadeIn\">mirarla <\/span><span class=\"BZ_Pyq_fadeIn\">con <\/span><span class=\"BZ_Pyq_fadeIn\">detalle, <\/span><span class=\"BZ_Pyq_fadeIn\">muchas <\/span><span class=\"BZ_Pyq_fadeIn\">veces <\/span><span class=\"BZ_Pyq_fadeIn\">aparecen <\/span><span class=\"BZ_Pyq_fadeIn\">sorpresas: <\/span><span class=\"BZ_Pyq_fadeIn\">precios <\/span><span class=\"BZ_Pyq_fadeIn\">inflados, <\/span><span class=\"BZ_Pyq_fadeIn\">potencias <\/span><span class=\"BZ_Pyq_fadeIn\">mal <\/span><span class=\"BZ_Pyq_fadeIn\">ajustadas <\/span><span class=\"BZ_Pyq_fadeIn\">o <\/span><span class=\"BZ_Pyq_fadeIn\">servicios <\/span><span class=\"BZ_Pyq_fadeIn\">que <\/span><span class=\"BZ_Pyq_fadeIn\">ni <\/span><span class=\"BZ_Pyq_fadeIn\">sab\u00edas <\/span><span class=\"BZ_Pyq_fadeIn\">que <\/span><span class=\"BZ_Pyq_fadeIn\">ten\u00edas.<\/span><\/p>\n<p data-start=\"737\" data-end=\"801\"><span class=\"BZ_Pyq_fadeIn\">Aqu\u00ed <\/span><span class=\"BZ_Pyq_fadeIn\">no <\/span><span class=\"BZ_Pyq_fadeIn\">vamos <\/span><span class=\"BZ_Pyq_fadeIn\">a <\/span><span class=\"BZ_Pyq_fadeIn\">liarte <\/span><span class=\"BZ_Pyq_fadeIn\">con <\/span><span class=\"BZ_Pyq_fadeIn\">tecnicismos. <\/span><span class=\"BZ_Pyq_fadeIn\">Vamos <\/span><span class=\"BZ_Pyq_fadeIn\">a <\/span><span class=\"BZ_Pyq_fadeIn\">lo <\/span><span class=\"BZ_Pyq_fadeIn\">importante: <strong>qu\u00e9 tarifa de luz te conviene como aut\u00f3nomo y c\u00f3mo elegirla bien.\u00a0\u00a0<\/strong><\/span><\/p>\n<p data-start=\"927\" data-end=\"1080\"><span class=\"BZ_Pyq_fadeIn\">Si <\/span><span class=\"BZ_Pyq_fadeIn\">quieres <\/span><span class=\"BZ_Pyq_fadeIn\">empezar <\/span><span class=\"BZ_Pyq_fadeIn\">por <\/span><span class=\"BZ_Pyq_fadeIn\">lo <\/span><span class=\"BZ_Pyq_fadeIn\">b\u00e1sico, te recomienda echar un vistazo a esta <a href=\"https:\/\/ganaenergia.com\/blog\/como-entender-factura-luz\/\">gu\u00eda b\u00e1sica sobre la factura de luz<\/a>.\u00a0<\/span><\/p>\n<h2 data-section-id=\"1wetqkc\" data-start=\"1087\" data-end=\"1141\"><span class=\"BZ_Pyq_fadeIn\">\u00bf<\/span><span class=\"BZ_Pyq_fadeIn\">Existe <\/span><span class=\"BZ_Pyq_fadeIn\">una <\/span><span class=\"BZ_Pyq_fadeIn\">mejor <\/span><span class=\"BZ_Pyq_fadeIn\">tarifa <\/span><span class=\"BZ_Pyq_fadeIn\">de <\/span><span class=\"BZ_Pyq_fadeIn\">luz <\/span><span class=\"BZ_Pyq_fadeIn\">para <\/span><span class=\"BZ_Pyq_fadeIn\">aut\u00f3nomos?<\/span><\/h2>\n<p data-start=\"1143\" data-end=\"1146\"><strong><span class=\"BZ_Pyq_fadeIn\">No. <\/span><\/strong><span class=\"BZ_Pyq_fadeIn\">No <\/span><span class=\"BZ_Pyq_fadeIn\">hay <\/span><span class=\"BZ_Pyq_fadeIn\">una <\/span><span class=\"BZ_Pyq_fadeIn\">\u00fanica <\/span><span class=\"BZ_Pyq_fadeIn\">mejor <\/span><span class=\"BZ_Pyq_fadeIn\">tarifa para todos los aut\u00f3nomos.\u00a0<\/span><\/p>\n<p data-start=\"1208\" data-end=\"1238\"><span class=\"BZ_Pyq_fadeIn\">Hay <\/span><span class=\"BZ_Pyq_fadeIn\">una <\/span><span class=\"BZ_Pyq_fadeIn\">que <\/span><span class=\"BZ_Pyq_fadeIn\">encaja <\/span><span class=\"BZ_Pyq_fadeIn\">contigo. <\/span><span class=\"BZ_Pyq_fadeIn\">Y <\/span><span class=\"BZ_Pyq_fadeIn\">todo <\/span><span class=\"BZ_Pyq_fadeIn\">depende <\/span><span class=\"BZ_Pyq_fadeIn\">de <\/span><span class=\"BZ_Pyq_fadeIn\">dos <\/span><span class=\"BZ_Pyq_fadeIn\">cosas: <\/span><span class=\"BZ_Pyq_fadeIn\">cu\u00e1ndo <\/span><span class=\"BZ_Pyq_fadeIn\">consumes y <\/span><span class=\"BZ_Pyq_fadeIn\">cu\u00e1nta <\/span><span class=\"BZ_Pyq_fadeIn\">potencia <\/span><span class=\"BZ_Pyq_fadeIn\">necesitas.<\/span><\/p>\n<p data-start=\"1208\" data-end=\"1238\"><img fetchpriority=\"high\" decoding=\"async\" class=\"aligncenter wp-image-21102 size-large\" src=\"https:\/\/ganaenergia.com\/blog\/wp-content\/uploads\/2026\/03\/9050560-1024x683.jpeg\" alt=\"mejor tarifa de luz para aut\u00f3nomos\" width=\"1024\" height=\"683\" srcset=\"https:\/\/ganaenergia.com\/blog\/wp-content\/uploads\/2026\/03\/9050560-1024x683.jpeg 1024w, https:\/\/ganaenergia.com\/blog\/wp-content\/uploads\/2026\/03\/9050560-300x200.jpeg 300w, https:\/\/ganaenergia.com\/blog\/wp-content\/uploads\/2026\/03\/9050560-768x512.jpeg 768w, https:\/\/ganaenergia.com\/blog\/wp-content\/uploads\/2026\/03\/9050560-1536x1024.jpeg 1536w, https:\/\/ganaenergia.com\/blog\/wp-content\/uploads\/2026\/03\/9050560.jpeg 1600w\" sizes=\"(max-width: 1024px) 100vw, 1024px\" \/><\/p>\n<h2 data-start=\"1448\" data-end=\"1533\"><span class=\"BZ_Pyq_fadeIn\">Tipos <\/span><span class=\"BZ_Pyq_fadeIn\">de <\/span><span class=\"BZ_Pyq_fadeIn\">tarifas <\/span><span class=\"BZ_Pyq_fadeIn\">de <\/span><span class=\"BZ_Pyq_fadeIn\">luz <\/span><span class=\"BZ_Pyq_fadeIn\">para <\/span><span class=\"BZ_Pyq_fadeIn\">aut\u00f3nomos <\/span><\/h2>\n<h3 data-section-id=\"1mz8res\" data-start=\"1798\" data-end=\"1833\">Discriminaci\u00f3n horaria a precio fijo<\/h3>\n<p data-start=\"2176\" data-end=\"2262\"><span class=\"BZ_Pyq_fadeIn\">El <\/span><strong><span class=\"BZ_Pyq_fadeIn\">precio del kWh <\/span><span class=\"BZ_Pyq_fadeIn\">cambia <\/span><span class=\"BZ_Pyq_fadeIn\">seg\u00fan <\/span><span class=\"BZ_Pyq_fadeIn\">la <\/span><\/strong><span class=\"BZ_Pyq_fadeIn\"><strong>hora<\/strong> (valle\/llano\/punta<\/span><span class=\"BZ_Pyq_fadeIn\">), <\/span><span class=\"BZ_Pyq_fadeIn\">pero <\/span><strong><span class=\"BZ_Pyq_fadeIn\">lo <\/span><span class=\"BZ_Pyq_fadeIn\">conoces <\/span><span class=\"BZ_Pyq_fadeIn\">de <\/span><\/strong><span class=\"BZ_Pyq_fadeIn\"><strong>antemano<\/strong>.<\/span><\/p>\n<ul>\n<li data-start=\"2264\" data-end=\"2434\"><span class=\"BZ_Pyq_fadeIn\">Ideal <\/span><span class=\"BZ_Pyq_fadeIn\">para: <\/span><strong><span class=\"BZ_Pyq_fadeIn\">negocios <\/span><\/strong><span class=\"BZ_Pyq_fadeIn\"><strong>con horarios de apertura amplios<\/strong> y que<strong> abren en fin de semana y noches<\/strong>.\u00a0<\/span><\/li>\n<\/ul>\n<p>\u00bfQu\u00e9 precios tendr\u00edas? \u00c9chale un vistazo a la <a href=\"https:\/\/ganaenergia.com\/tarifas-luz\/tramos-horarios\">Tarifa Tramos Horarios<\/a>.<\/p>\n<p>Hace poco <a href=\"https:\/\/www.ondacero.es\/emisoras\/comunidad-valenciana\/valencia\/audios-podcast\/mas-de-uno\/hay-que-poner-lavadora-2-manana-ahorrar-luz_2026030369a6d6e22f00a04688333c43.html\" target=\"_blank\" rel=\"noopener\">reflexionaba en Onda Cero sobre los horarios de la luz. <\/a>Pese al miedo que se les suele tener, en realidad solo el 28% del consumo se produce en esas horas m\u00e1s caras.<\/p>\n<h3 data-section-id=\"1mz8res\" data-start=\"1798\" data-end=\"1833\">Discriminaci\u00f3n horaria a precio indexado<\/h3>\n<p>El <strong>precio var\u00eda seg\u00fan la hora del d\u00eda y el precio en el mercado<\/strong> el\u00e9ctrico.<\/p>\n<ul>\n<li><span class=\"BZ_Pyq_fadeIn\">Ideal <\/span><span class=\"BZ_Pyq_fadeIn\">para: <\/span><span class=\"BZ_Pyq_fadeIn\">perfiles <\/span><span class=\"BZ_Pyq_fadeIn\">que <\/span><strong><span class=\"BZ_Pyq_fadeIn\">entienden <\/span><span class=\"BZ_Pyq_fadeIn\">el <\/span><span class=\"BZ_Pyq_fadeIn\">mercado <\/span><span class=\"BZ_Pyq_fadeIn\">o <\/span><span class=\"BZ_Pyq_fadeIn\">aceptan la <\/span><span class=\"BZ_Pyq_fadeIn\">variabilidad.<\/span><\/strong><\/li>\n<li><span class=\"BZ_Pyq_fadeIn\">Si el mercado sube, puedes cambiarte a una tarifa fija para refugiarte.\u00a0<\/span><\/li>\n<\/ul>\n<p>Es el caso de la <a href=\"https:\/\/ganaenergia.com\/tarifas-luz\/precio-mercado\" target=\"_blank\" rel=\"noopener\">Tarifa Precio de Mercado <\/a>en la que tienes la energ\u00eda a precio de coste y potencia sin margen.<\/p>\n<h3 data-section-id=\"1mz8res\" data-start=\"1798\" data-end=\"1833\">Sin horarios a precio fijo<\/h3>\n<p data-start=\"596\" data-end=\"639\"><strong><span class=\"BZ_Pyq_fadeIn\">Pagas <\/span><span class=\"BZ_Pyq_fadeIn\">lo <\/span><span class=\"BZ_Pyq_fadeIn\">mismo <\/span><span class=\"BZ_Pyq_fadeIn\">por <\/span><span class=\"BZ_Pyq_fadeIn\">la <\/span><span class=\"BZ_Pyq_fadeIn\">luz <\/span><span class=\"BZ_Pyq_fadeIn\">a <\/span><span class=\"BZ_Pyq_fadeIn\">cualquier <\/span><\/strong><span class=\"BZ_Pyq_fadeIn\"><strong>hora<\/strong>.\u00a0<\/span><\/p>\n<ul data-start=\"733\" data-end=\"850\">\n<li data-section-id=\"1ckdq50\" data-start=\"733\" data-end=\"771\">\n<p data-start=\"735\" data-end=\"771\"><span class=\"BZ_Pyq_fadeIn\">ideal si tu <\/span><span class=\"BZ_Pyq_fadeIn\">negocio concentra su actividad en las horas caras o no quieres complicarte.\u00a0<\/span><\/p>\n<\/li>\n<\/ul>\n<p data-start=\"852\" data-end=\"909\"><span class=\"BZ_Pyq_fadeIn\">La <a href=\"https:\/\/ganaenergia.com\/tarifas-luz\/24-horas\" target=\"_blank\" rel=\"noopener\">Tarifa 24 horas<\/a> es <\/span><span class=\"BZ_Pyq_fadeIn\">la <\/span><span class=\"BZ_Pyq_fadeIn\">opci\u00f3n <\/span><span class=\"BZ_Pyq_fadeIn\">m\u00e1s <\/span><span class=\"BZ_Pyq_fadeIn\">sencilla. <\/span><span class=\"BZ_Pyq_fadeIn\">Sabes <\/span><span class=\"BZ_Pyq_fadeIn\">siempre <\/span><span class=\"BZ_Pyq_fadeIn\">lo <\/span><span class=\"BZ_Pyq_fadeIn\">que <\/span><span class=\"BZ_Pyq_fadeIn\">pagas.<\/span><\/p>\n<h3 data-section-id=\"1mz8res\" data-start=\"1798\" data-end=\"1833\">Tarifas de luz para negocios de m\u00e1s de 15 kW (PYMES)<\/h3>\n<p>Es habitual que<strong> bares, restaurantes, comercios grandes y negocios con maquinaria<\/strong> necesiten potencias por encima de los 15 kW.<\/p>\n<p>En ese caso, estar\u00edamos hablando de las <a href=\"https:\/\/ganaenergia.com\/blog\/tarifa-3-0td-que-es-como-se-factura\/\" target=\"_blank\" rel=\"noopener\">tarifas 3.0TD o tarifas para pymes<\/a>. Estas cuentan con horarios de la luz diferentes (te mostramos abajo cu\u00e1les son esos horarios).<\/p>\n<p>Si quieres m\u00e1s informaci\u00f3n sobre tarifas para negocios de m\u00e1s de 15 kW, ll\u00e1manos al 960 202 543.<\/p>\n<p><img decoding=\"async\" class=\"aligncenter wp-image-20242 size-large\" src=\"https:\/\/ganaenergia.com\/blog\/wp-content\/uploads\/2025\/10\/Tarifas-3.0TD-Horarios-y-Temporada-1024x477.png\" alt=\"\" width=\"1024\" height=\"477\" srcset=\"https:\/\/ganaenergia.com\/blog\/wp-content\/uploads\/2025\/10\/Tarifas-3.0TD-Horarios-y-Temporada-1024x477.png 1024w, https:\/\/ganaenergia.com\/blog\/wp-content\/uploads\/2025\/10\/Tarifas-3.0TD-Horarios-y-Temporada-300x140.png 300w, https:\/\/ganaenergia.com\/blog\/wp-content\/uploads\/2025\/10\/Tarifas-3.0TD-Horarios-y-Temporada-768x358.png 768w, https:\/\/ganaenergia.com\/blog\/wp-content\/uploads\/2025\/10\/Tarifas-3.0TD-Horarios-y-Temporada-1536x716.png 1536w, https:\/\/ganaenergia.com\/blog\/wp-content\/uploads\/2025\/10\/Tarifas-3.0TD-Horarios-y-Temporada.png 1920w\" sizes=\"(max-width: 1024px) 100vw, 1024px\" \/><\/p>\n<h2>Qu\u00e9 tarifa de luz te conviene seg\u00fan tu tipo de negocio<\/h2>\n<p>Aunque como dec\u00edamos al principio, cada aut\u00f3nomo es un mundo. Por norma general, el tipo de tarifa suele ser el mismo seg\u00fan el tipo de actividad.<\/p>\n<table>\n<thead>\n<tr>\n<th>Tipo de negocio<\/th>\n<th>Qu\u00e9 suele encajar<\/th>\n<\/tr>\n<\/thead>\n<tbody>\n<tr>\n<td>Trabajo desde casa<\/td>\n<td>Discriminaci\u00f3n horaria<\/td>\n<\/tr>\n<tr>\n<td>Oficina \/ despacho<\/td>\n<td>24h o revisar si compensa por horas<\/td>\n<\/tr>\n<tr>\n<td>Bar \/ restaurante \/ comercio<\/td>\n<td>Discriminaci\u00f3n horaria al tener horarios amplios<\/td>\n<\/tr>\n<tr>\n<td>Negocio con maquinaria<\/td>\n<td>Tarifas de m\u00e1s de 15 kW<\/td>\n<\/tr>\n<\/tbody>\n<\/table>\n<h2 data-start=\"3700\" data-end=\"3714\">Lo que m\u00e1s nos preguntan sobre tarifas de luz para aut\u00f3nomos<\/h2>\n<div class=\"faq-elementor\"><details class=\"faq-item\"><summary class=\"faq-summary\"><span class=\"faq-question\">\u00bfQu\u00e9 tarifa de luz es mejor para aut\u00f3nomos?<\/span><span class=\"faq-icon\"><svg xmlns=\"http:\/\/www.w3.org\/2000\/svg\"\n                    width=\"24\"\n                    height=\"24\"\n                    viewBox=\"0 0 24 24\"\n                    fill=\"none\"><path d=\"M12.1054 5.25L12.1055 12.25M12.1055 12.25L5.10547 12.25M12.1055 12.25L12.1055 19.2499M12.1055 12.25L19.1055 12.25\"\n                    stroke=\"#353646\"\n                    stroke-width=\"1.5\"\n                    stroke-linecap=\"round\"\n                    stroke-linejoin=\"round\"\/><\/svg><\/span><\/summary><div class=\"faq-answer\">La que se adapta a tu consumo. No hay una \u00fanica mejor opci\u00f3n.<\/div><\/details><details class=\"faq-item\"><summary class=\"faq-summary\"><span class=\"faq-question\">\u00bfEs mejor una tarifa fija o por horas? <\/span><span class=\"faq-icon\"><svg xmlns=\"http:\/\/www.w3.org\/2000\/svg\"\n                    width=\"24\"\n                    height=\"24\"\n                    viewBox=\"0 0 24 24\"\n                    fill=\"none\"><path d=\"M12.1054 5.25L12.1055 12.25M12.1055 12.25L5.10547 12.25M12.1055 12.25L12.1055 19.2499M12.1055 12.25L19.1055 12.25\"\n                    stroke=\"#353646\"\n                    stroke-width=\"1.5\"\n                    stroke-linecap=\"round\"\n                    stroke-linejoin=\"round\"\/><\/svg><\/span><\/summary><div class=\"faq-answer\">Normalmente, en comercios y restauraci\u00f3n suele salir a cuenta una tarifa con horarios. Lo mejor es analizar el consumo y ver en qu\u00e9 horas se concentra. <\/div><\/details><details class=\"faq-item\"><summary class=\"faq-summary\"><span class=\"faq-question\">\u00bfCu\u00e1nta potencia necesito en mi negocio? <\/span><span class=\"faq-icon\"><svg xmlns=\"http:\/\/www.w3.org\/2000\/svg\"\n                    width=\"24\"\n                    height=\"24\"\n                    viewBox=\"0 0 24 24\"\n                    fill=\"none\"><path d=\"M12.1054 5.25L12.1055 12.25M12.1055 12.25L5.10547 12.25M12.1055 12.25L12.1055 19.2499M12.1055 12.25L19.1055 12.25\"\n                    stroke=\"#353646\"\n                    stroke-width=\"1.5\"\n                    stroke-linecap=\"round\"\n                    stroke-linejoin=\"round\"\/><\/svg><\/span><\/summary><div class=\"faq-answer\">Depende de tu actividad, tama\u00f1o del local y maquinaria en uso. Por norma general, los peque\u00f1os comercios y despachos suelen estar por debajo de los 15 kW. Restauraci\u00f3n o negocios con maquinaria suelen necesitar potencias por encima de los 15 kW. Lo importante es que, al igual que pasa en el hogar, es importante que tengas la potencia ajustada para evitar pagar de m\u00e1s. <\/div><\/details><details class=\"faq-item\"><summary class=\"faq-summary\"><span class=\"faq-question\">\u00bfCambiar de compa\u00f1\u00eda de luz afecta a mi negocio?<\/span><span class=\"faq-icon\"><svg xmlns=\"http:\/\/www.w3.org\/2000\/svg\"\n                    width=\"24\"\n                    height=\"24\"\n                    viewBox=\"0 0 24 24\"\n                    fill=\"none\"><path d=\"M12.1054 5.25L12.1055 12.25M12.1055 12.25L5.10547 12.25M12.1055 12.25L12.1055 19.2499M12.1055 12.25L19.1055 12.25\"\n                    stroke=\"#353646\"\n                    stroke-width=\"1.5\"\n                    stroke-linecap=\"round\"\n                    stroke-linejoin=\"round\"\/><\/svg><\/span><\/summary><div class=\"faq-answer\">No. No hay cortes de luz, ni instalaciones, ni interrupciones. El suministro sigue siendo el mismo, solo cambia la comercializadora.<\/div><\/details><details class=\"faq-item\"><summary class=\"faq-summary\"><span class=\"faq-question\">\u00bfCu\u00e1nto tarda el cambio de compa\u00f1\u00eda de luz?<\/span><span class=\"faq-icon\"><svg xmlns=\"http:\/\/www.w3.org\/2000\/svg\"\n                    width=\"24\"\n                    height=\"24\"\n                    viewBox=\"0 0 24 24\"\n                    fill=\"none\"><path d=\"M12.1054 5.25L12.1055 12.25M12.1055 12.25L5.10547 12.25M12.1055 12.25L12.1055 19.2499M12.1055 12.25L19.1055 12.25\"\n                    stroke=\"#353646\"\n                    stroke-width=\"1.5\"\n                    stroke-linecap=\"round\"\n                    stroke-linejoin=\"round\"\/><\/svg><\/span><\/summary><div class=\"faq-answer\">Normalmente entre 24 y 48 horas, aunque puede depender de la distribuidora. En cualquier caso, el cambio es autom\u00e1tico.<\/div><\/details><details class=\"faq-item\"><summary class=\"faq-summary\"><span class=\"faq-question\">\u00bfTengo permanencia en la luz como aut\u00f3nomo?<\/span><span class=\"faq-icon\"><svg xmlns=\"http:\/\/www.w3.org\/2000\/svg\"\n                    width=\"24\"\n                    height=\"24\"\n                    viewBox=\"0 0 24 24\"\n                    fill=\"none\"><path d=\"M12.1054 5.25L12.1055 12.25M12.1055 12.25L5.10547 12.25M12.1055 12.25L12.1055 19.2499M12.1055 12.25L19.1055 12.25\"\n                    stroke=\"#353646\"\n                    stroke-width=\"1.5\"\n                    stroke-linecap=\"round\"\n                    stroke-linejoin=\"round\"\/><\/svg><\/span><\/summary><div class=\"faq-answer\">Depende de la compa\u00f1\u00eda y el contrato que tengas. En Gana Energ\u00eda no tendr\u00e1s permanencia. Nunca. <\/div><\/details><\/div><br\/>\n<h2>\u00bfQu\u00e9 tarifa elegir si eres aut\u00f3nomo?<\/h2>\n<p data-start=\"181\" data-end=\"282\">Elegir tarifa de luz no va de encontrar la m\u00e1s barata.<strong> Va de encontrar la que encaje contigo.\u00a0<\/strong><\/p>\n<p data-start=\"181\" data-end=\"282\">En Gana Energ\u00eda, ayudamos a muchos aut\u00f3nomos cada d\u00eda a ahorrar en la factura de luz de su negocio. Ll\u00e1manos al 960 202 543 y te ayudamos a resolver toooodas tus dudas.<\/p>\n\n\n<div class=\"kk-star-ratings kksr-auto kksr-align-left kksr-valign-bottom\"\n    data-payload='{&quot;align&quot;:&quot;left&quot;,&quot;id&quot;:&quot;3983&quot;,&quot;slug&quot;:&quot;default&quot;,&quot;valign&quot;:&quot;bottom&quot;,&quot;ignore&quot;:&quot;&quot;,&quot;reference&quot;:&quot;auto&quot;,&quot;class&quot;:&quot;&quot;,&quot;count&quot;:&quot;0&quot;,&quot;legendonly&quot;:&quot;&quot;,&quot;readonly&quot;:&quot;&quot;,&quot;score&quot;:&quot;0&quot;,&quot;starsonly&quot;:&quot;&quot;,&quot;best&quot;:&quot;5&quot;,&quot;gap&quot;:&quot;5&quot;,&quot;greet&quot;:&quot;Punt\u00faa este Post&quot;,&quot;legend&quot;:&quot;0\\\/5 - (0 votos)&quot;,&quot;size&quot;:&quot;20&quot;,&quot;title&quot;:&quot;\u00bfC\u00f3mo elegir la mejor tarifa de luz para aut\u00f3nomos?&quot;,&quot;width&quot;:&quot;0&quot;,&quot;_legend&quot;:&quot;{score}\\\/{best} - ({count} {votes})&quot;,&quot;font_factor&quot;:&quot;1.25&quot;}'>\n            \n<div class=\"kksr-stars\">\n    \n<div class=\"kksr-stars-inactive\">\n            <div class=\"kksr-star\" data-star=\"1\" style=\"padding-right: 5px\">\n            \n\n<div class=\"kksr-icon\" style=\"width: 20px; height: 20px;\"><\/div>\n        <\/div>\n            <div class=\"kksr-star\" data-star=\"2\" style=\"padding-right: 5px\">\n            \n\n<div class=\"kksr-icon\" style=\"width: 20px; height: 20px;\"><\/div>\n        <\/div>\n            <div class=\"kksr-star\" data-star=\"3\" style=\"padding-right: 5px\">\n            \n\n<div class=\"kksr-icon\" style=\"width: 20px; height: 20px;\"><\/div>\n        <\/div>\n            <div class=\"kksr-star\" data-star=\"4\" style=\"padding-right: 5px\">\n            \n\n<div class=\"kksr-icon\" style=\"width: 20px; height: 20px;\"><\/div>\n        <\/div>\n            <div class=\"kksr-star\" data-star=\"5\" style=\"padding-right: 5px\">\n            \n\n<div class=\"kksr-icon\" style=\"width: 20px; height: 20px;\"><\/div>\n        <\/div>\n    <\/div>\n    \n<div class=\"kksr-stars-active\" style=\"width: 0px;\">\n            <div class=\"kksr-star\" style=\"padding-right: 5px\">\n            \n\n<div class=\"kksr-icon\" style=\"width: 20px; height: 20px;\"><\/div>\n        <\/div>\n            <div class=\"kksr-star\" style=\"padding-right: 5px\">\n            \n\n<div class=\"kksr-icon\" style=\"width: 20px; height: 20px;\"><\/div>\n        <\/div>\n            <div class=\"kksr-star\" style=\"padding-right: 5px\">\n            \n\n<div class=\"kksr-icon\" style=\"width: 20px; height: 20px;\"><\/div>\n        <\/div>\n            <div class=\"kksr-star\" style=\"padding-right: 5px\">\n            \n\n<div class=\"kksr-icon\" style=\"width: 20px; height: 20px;\"><\/div>\n        <\/div>\n            <div class=\"kksr-star\" style=\"padding-right: 5px\">\n            \n\n<div class=\"kksr-icon\" style=\"width: 20px; height: 20px;\"><\/div>\n        <\/div>\n    <\/div>\n<\/div>\n                \n\n<div class=\"kksr-legend\" style=\"font-size: 16px;\">\n            <span class=\"kksr-muted\">Punt\u00faa este Post<\/span>\n    <\/div>\n    <\/div>\n","protected":false},"excerpt":{"rendered":"<p>Si eres aut\u00f3nomo, hay algo que casi seguro te est\u00e1 pasando: est\u00e1s pagando la luz\u2026 pero no sabes si tienes la mejor tarifa de luz.\u00a0Y no es culpa tuya. Aqu\u00ed no vamos a liarte con tecnicismos. Vamos a lo importante: qu\u00e9 tarifa de luz te conviene como aut\u00f3nomo y c\u00f3mo elegirla bien.\u00a0\u00a0<\/p>\n","protected":false},"author":28,"featured_media":22476,"comment_status":"open","ping_status":"closed","sticky":false,"template":"","format":"standard","meta":{"_acf_changed":false,"footnotes":""},"categories":[875],"tags":[],"class_list":["post-3983","post","type-post","status-publish","format-standard","has-post-thumbnail","hentry","category-luz"],"acf":[],"yoast_head":"<!-- This site is optimized with the Yoast SEO Premium plugin v28.0 (Yoast SEO v28.0) - https:\/\/yoast.com\/product\/yoast-seo-premium-wordpress\/ -->\n<title>Tarifas de luz para aut\u00f3nomos: cu\u00e1l elegir y c\u00f3mo ahorrar<\/title>\n<meta name=\"description\" content=\"Descubre qu\u00e9 tarifa de luz te conviene como aut\u00f3nomo seg\u00fan tu negocio. Comparativa clara, consejos y c\u00f3mo evitar pagar de m\u00e1s en tu factura.\" \/>\n<meta name=\"robots\" content=\"index, follow, max-snippet:-1, max-image-preview:large, max-video-preview:-1\" \/>\n<link rel=\"canonical\" href=\"https:\/\/ganaenergia.com\/blog\/mejores-tarifas-de-luz-para-autonomos\/\" \/>\n<meta property=\"og:locale\" content=\"es_ES\" \/>\n<meta property=\"og:type\" content=\"article\" \/>\n<meta property=\"og:title\" content=\"\u00bfC\u00f3mo elegir la mejor tarifa de luz para aut\u00f3nomos?\" \/>\n<meta property=\"og:description\" content=\"Descubre qu\u00e9 tarifa de luz te conviene como aut\u00f3nomo seg\u00fan tu negocio. Comparativa clara, consejos y c\u00f3mo evitar pagar de m\u00e1s en tu factura.\" \/>\n<meta property=\"og:url\" content=\"https:\/\/ganaenergia.com\/blog\/mejores-tarifas-de-luz-para-autonomos\/\" \/>\n<meta property=\"og:site_name\" content=\"Gana Energ\u00eda\" \/>\n<meta property=\"article:publisher\" content=\"https:\/\/www.facebook.com\/ahorraconganaenergia\" \/>\n<meta property=\"article:published_time\" content=\"2026-03-17T09:05:57+00:00\" \/>\n<meta property=\"article:modified_time\" content=\"2026-08-06T08:11:33+00:00\" \/>\n<meta property=\"og:image\" content=\"https:\/\/ganaenergia.com\/blog\/wp-content\/uploads\/2026\/03\/tarifas-de-luz-para-autonomos.webp\" \/>\n\t<meta property=\"og:image:width\" content=\"1344\" \/>\n\t<meta property=\"og:image:height\" content=\"846\" \/>\n\t<meta property=\"og:image:type\" content=\"image\/webp\" \/>\n<meta name=\"author\" content=\"Gloria Cerdan\" \/>\n<meta name=\"twitter:card\" content=\"summary_large_image\" \/>\n<meta name=\"twitter:creator\" content=\"@gana_energia\" \/>\n<meta name=\"twitter:site\" content=\"@gana_energia\" \/>\n<meta name=\"twitter:label1\" content=\"Escrito por\" \/>\n\t<meta name=\"twitter:data1\" content=\"Gloria Cerdan\" \/>\n\t<meta name=\"twitter:label2\" content=\"Tiempo de lectura\" \/>\n\t<meta name=\"twitter:data2\" content=\"4 minutos\" \/>\n<script type=\"application\/ld+json\" class=\"yoast-schema-graph\">{\"@context\":\"https:\\\/\\\/schema.org\",\"@graph\":[{\"@type\":\"Article\",\"@id\":\"https:\\\/\\\/ganaenergia.com\\\/blog\\\/mejores-tarifas-de-luz-para-autonomos\\\/#article\",\"isPartOf\":{\"@id\":\"https:\\\/\\\/ganaenergia.com\\\/blog\\\/mejores-tarifas-de-luz-para-autonomos\\\/\"},\"author\":{\"name\":\"Gloria Cerdan\",\"@id\":\"https:\\\/\\\/ganaenergia.com\\\/blog\\\/#\\\/schema\\\/person\\\/c7ae2bf27946106c6c5f876a2c7cf8e7\"},\"headline\":\"\u00bfC\u00f3mo elegir la mejor tarifa de luz para aut\u00f3nomos?\",\"datePublished\":\"2026-03-17T09:05:57+00:00\",\"dateModified\":\"2026-08-06T08:11:33+00:00\",\"mainEntityOfPage\":{\"@id\":\"https:\\\/\\\/ganaenergia.com\\\/blog\\\/mejores-tarifas-de-luz-para-autonomos\\\/\"},\"wordCount\":867,\"commentCount\":0,\"publisher\":{\"@id\":\"https:\\\/\\\/ganaenergia.com\\\/blog\\\/#organization\"},\"image\":{\"@id\":\"https:\\\/\\\/ganaenergia.com\\\/blog\\\/mejores-tarifas-de-luz-para-autonomos\\\/#primaryimage\"},\"thumbnailUrl\":\"https:\\\/\\\/ganaenergia.com\\\/blog\\\/wp-content\\\/uploads\\\/2026\\\/03\\\/tarifas-de-luz-para-autonomos.webp\",\"articleSection\":[\"Luz\"],\"inLanguage\":\"es\",\"potentialAction\":[{\"@type\":\"CommentAction\",\"name\":\"Comment\",\"target\":[\"https:\\\/\\\/ganaenergia.com\\\/blog\\\/mejores-tarifas-de-luz-para-autonomos\\\/#respond\"]}]},{\"@type\":\"WebPage\",\"@id\":\"https:\\\/\\\/ganaenergia.com\\\/blog\\\/mejores-tarifas-de-luz-para-autonomos\\\/\",\"url\":\"https:\\\/\\\/ganaenergia.com\\\/blog\\\/mejores-tarifas-de-luz-para-autonomos\\\/\",\"name\":\"Tarifas de luz para aut\u00f3nomos: cu\u00e1l elegir y c\u00f3mo ahorrar\",\"isPartOf\":{\"@id\":\"https:\\\/\\\/ganaenergia.com\\\/blog\\\/#website\"},\"primaryImageOfPage\":{\"@id\":\"https:\\\/\\\/ganaenergia.com\\\/blog\\\/mejores-tarifas-de-luz-para-autonomos\\\/#primaryimage\"},\"image\":{\"@id\":\"https:\\\/\\\/ganaenergia.com\\\/blog\\\/mejores-tarifas-de-luz-para-autonomos\\\/#primaryimage\"},\"thumbnailUrl\":\"https:\\\/\\\/ganaenergia.com\\\/blog\\\/wp-content\\\/uploads\\\/2026\\\/03\\\/tarifas-de-luz-para-autonomos.webp\",\"datePublished\":\"2026-03-17T09:05:57+00:00\",\"dateModified\":\"2026-08-06T08:11:33+00:00\",\"description\":\"Descubre qu\u00e9 tarifa de luz te conviene como aut\u00f3nomo seg\u00fan tu negocio. Comparativa clara, consejos y c\u00f3mo evitar pagar de m\u00e1s en tu factura.\",\"breadcrumb\":{\"@id\":\"https:\\\/\\\/ganaenergia.com\\\/blog\\\/mejores-tarifas-de-luz-para-autonomos\\\/#breadcrumb\"},\"inLanguage\":\"es\",\"potentialAction\":[{\"@type\":\"ReadAction\",\"target\":[\"https:\\\/\\\/ganaenergia.com\\\/blog\\\/mejores-tarifas-de-luz-para-autonomos\\\/\"]}]},{\"@type\":\"ImageObject\",\"inLanguage\":\"es\",\"@id\":\"https:\\\/\\\/ganaenergia.com\\\/blog\\\/mejores-tarifas-de-luz-para-autonomos\\\/#primaryimage\",\"url\":\"https:\\\/\\\/ganaenergia.com\\\/blog\\\/wp-content\\\/uploads\\\/2026\\\/03\\\/tarifas-de-luz-para-autonomos.webp\",\"contentUrl\":\"https:\\\/\\\/ganaenergia.com\\\/blog\\\/wp-content\\\/uploads\\\/2026\\\/03\\\/tarifas-de-luz-para-autonomos.webp\",\"width\":1344,\"height\":846,\"caption\":\"tarifas de luz para aut\u00f3nomos\"},{\"@type\":\"BreadcrumbList\",\"@id\":\"https:\\\/\\\/ganaenergia.com\\\/blog\\\/mejores-tarifas-de-luz-para-autonomos\\\/#breadcrumb\",\"itemListElement\":[{\"@type\":\"ListItem\",\"position\":1,\"name\":\"Blog\",\"item\":\"https:\\\/\\\/ganaenergia.com\\\/blog\\\/\"},{\"@type\":\"ListItem\",\"position\":2,\"name\":\"Luz\",\"item\":\"https:\\\/\\\/ganaenergia.com\\\/blog\\\/luz\\\/\"},{\"@type\":\"ListItem\",\"position\":3,\"name\":\"\u00bfC\u00f3mo elegir la mejor tarifa de luz para aut\u00f3nomos?\"}]},{\"@type\":\"WebSite\",\"@id\":\"https:\\\/\\\/ganaenergia.com\\\/blog\\\/#website\",\"url\":\"https:\\\/\\\/ganaenergia.com\\\/blog\\\/\",\"name\":\"Gana Energ\u00eda\",\"description\":\"El blog m\u00e1s completo del sector el\u00e9ctrico\",\"publisher\":{\"@id\":\"https:\\\/\\\/ganaenergia.com\\\/blog\\\/#organization\"},\"potentialAction\":[{\"@type\":\"SearchAction\",\"target\":{\"@type\":\"EntryPoint\",\"urlTemplate\":\"https:\\\/\\\/ganaenergia.com\\\/blog\\\/?s={search_term_string}\"},\"query-input\":{\"@type\":\"PropertyValueSpecification\",\"valueRequired\":true,\"valueName\":\"search_term_string\"}}],\"inLanguage\":\"es\"},{\"@type\":\"Organization\",\"@id\":\"https:\\\/\\\/ganaenergia.com\\\/blog\\\/#organization\",\"name\":\"Gana Energ\u00eda\",\"alternateName\":\"Gaolania Servicios SL\",\"url\":\"https:\\\/\\\/ganaenergia.com\\\/blog\\\/\",\"logo\":{\"@type\":\"ImageObject\",\"inLanguage\":\"es\",\"@id\":\"https:\\\/\\\/ganaenergia.com\\\/blog\\\/#\\\/schema\\\/logo\\\/image\\\/\",\"url\":\"https:\\\/\\\/ganaenergia.com\\\/blog\\\/wp-content\\\/uploads\\\/2026\\\/06\\\/gana.png\",\"contentUrl\":\"https:\\\/\\\/ganaenergia.com\\\/blog\\\/wp-content\\\/uploads\\\/2026\\\/06\\\/gana.png\",\"width\":225,\"height\":224,\"caption\":\"Gana Energ\u00eda\"},\"image\":{\"@id\":\"https:\\\/\\\/ganaenergia.com\\\/blog\\\/#\\\/schema\\\/logo\\\/image\\\/\"},\"sameAs\":[\"https:\\\/\\\/www.facebook.com\\\/ahorraconganaenergia\",\"https:\\\/\\\/x.com\\\/gana_energia\",\"https:\\\/\\\/www.instagram.com\\\/ganaenergia\\\/\",\"https:\\\/\\\/www.linkedin.com\\\/company\\\/gana-energia\\\/\",\"https:\\\/\\\/www.pinterest.es\\\/ganaenergia\\\/_created\\\/\",\"https:\\\/\\\/www.youtube.com\\\/GanaEnergia\",\"https:\\\/\\\/www.wikidata.org\\\/wiki\\\/Q64151949\"],\"description\":\"Gana Energ\u00eda es una compa\u00f1\u00eda de luz y gas natural que ofrece desde 2015 una alternativa de ahorro y sencillez en el sector energ\u00e9tico. Ofrecemos tarifas de luz y gas a precios ajustados, facturas sin costes extra que no pediste y una Atenci\u00f3n al Cliente cercana y \u00e1gil. Nuestros clientes ahorran una media de 366\u20ac al a\u00f1o. \u00bfTe hacemos una comparativa gratuita de la factura de luz para ver cu\u00e1nto podr\u00edas ahorrarte?\",\"telephone\":\"900 533 912\",\"numberOfEmployees\":{\"@type\":\"QuantitativeValue\",\"minValue\":\"51\",\"maxValue\":\"200\"},\"publishingPrinciples\":\"https:\\\/\\\/ganaenergia.com\\\/blog\\\/politica-editorial\\\/\"},{\"@type\":\"Person\",\"@id\":\"https:\\\/\\\/ganaenergia.com\\\/blog\\\/#\\\/schema\\\/person\\\/c7ae2bf27946106c6c5f876a2c7cf8e7\",\"name\":\"Gloria Cerdan\",\"image\":{\"@type\":\"ImageObject\",\"inLanguage\":\"es\",\"@id\":\"https:\\\/\\\/secure.gravatar.com\\\/avatar\\\/8a9bec32179e666035c2ee43d051749cd816ef9568c58ee1797ca41e489bdc1a?s=96&d=mm&r=g\",\"url\":\"https:\\\/\\\/secure.gravatar.com\\\/avatar\\\/8a9bec32179e666035c2ee43d051749cd816ef9568c58ee1797ca41e489bdc1a?s=96&d=mm&r=g\",\"contentUrl\":\"https:\\\/\\\/secure.gravatar.com\\\/avatar\\\/8a9bec32179e666035c2ee43d051749cd816ef9568c58ee1797ca41e489bdc1a?s=96&d=mm&r=g\",\"caption\":\"Gloria Cerdan\"},\"description\":\"Soy asesora energ\u00e9tica en Gana Energ\u00eda. Mi misi\u00f3n es ayudar a pymes y grandes empresas a optimizar sus costes energ\u00e9ticos, porque s\u00e9 que el ahorro en la factura de luz y gas tiene un impacto directo en la rentabilidad de un negocio. Entiendo perfectamente las particularidades de los suministros empresariales, y me apasiona desgranar temas complejos y la gesti\u00f3n de contratos para que cada cliente tome la mejor decisi\u00f3n.\",\"sameAs\":[\"https:\\\/\\\/es.linkedin.com\\\/\"],\"url\":\"https:\\\/\\\/ganaenergia.com\\\/blog\\\/author\\\/gloria-cerdan\\\/\"}]}<\/script>\n<!-- \/ Yoast SEO Premium plugin. -->","yoast_head_json":{"title":"Tarifas de luz para aut\u00f3nomos: cu\u00e1l elegir y c\u00f3mo ahorrar","description":"Descubre qu\u00e9 tarifa de luz te conviene como aut\u00f3nomo seg\u00fan tu negocio. Comparativa clara, consejos y c\u00f3mo evitar pagar de m\u00e1s en tu factura.","robots":{"index":"index","follow":"follow","max-snippet":"max-snippet:-1","max-image-preview":"max-image-preview:large","max-video-preview":"max-video-preview:-1"},"canonical":"https:\/\/ganaenergia.com\/blog\/mejores-tarifas-de-luz-para-autonomos\/","og_locale":"es_ES","og_type":"article","og_title":"\u00bfC\u00f3mo elegir la mejor tarifa de luz para aut\u00f3nomos?","og_description":"Descubre qu\u00e9 tarifa de luz te conviene como aut\u00f3nomo seg\u00fan tu negocio. Comparativa clara, consejos y c\u00f3mo evitar pagar de m\u00e1s en tu factura.","og_url":"https:\/\/ganaenergia.com\/blog\/mejores-tarifas-de-luz-para-autonomos\/","og_site_name":"Gana Energ\u00eda","article_publisher":"https:\/\/www.facebook.com\/ahorraconganaenergia","article_published_time":"2026-03-17T09:05:57+00:00","article_modified_time":"2026-08-06T08:11:33+00:00","og_image":[{"width":1344,"height":846,"url":"https:\/\/ganaenergia.com\/blog\/wp-content\/uploads\/2026\/03\/tarifas-de-luz-para-autonomos.webp","type":"image\/webp"}],"author":"Gloria Cerdan","twitter_card":"summary_large_image","twitter_creator":"@gana_energia","twitter_site":"@gana_energia","twitter_misc":{"Escrito por":"Gloria Cerdan","Tiempo de lectura":"4 minutos"},"schema":{"@context":"https:\/\/schema.org","@graph":[{"@type":"Article","@id":"https:\/\/ganaenergia.com\/blog\/mejores-tarifas-de-luz-para-autonomos\/#article","isPartOf":{"@id":"https:\/\/ganaenergia.com\/blog\/mejores-tarifas-de-luz-para-autonomos\/"},"author":{"name":"Gloria Cerdan","@id":"https:\/\/ganaenergia.com\/blog\/#\/schema\/person\/c7ae2bf27946106c6c5f876a2c7cf8e7"},"headline":"\u00bfC\u00f3mo elegir la mejor tarifa de luz para aut\u00f3nomos?","datePublished":"2026-03-17T09:05:57+00:00","dateModified":"2026-08-06T08:11:33+00:00","mainEntityOfPage":{"@id":"https:\/\/ganaenergia.com\/blog\/mejores-tarifas-de-luz-para-autonomos\/"},"wordCount":867,"commentCount":0,"publisher":{"@id":"https:\/\/ganaenergia.com\/blog\/#organization"},"image":{"@id":"https:\/\/ganaenergia.com\/blog\/mejores-tarifas-de-luz-para-autonomos\/#primaryimage"},"thumbnailUrl":"https:\/\/ganaenergia.com\/blog\/wp-content\/uploads\/2026\/03\/tarifas-de-luz-para-autonomos.webp","articleSection":["Luz"],"inLanguage":"es","potentialAction":[{"@type":"CommentAction","name":"Comment","target":["https:\/\/ganaenergia.com\/blog\/mejores-tarifas-de-luz-para-autonomos\/#respond"]}]},{"@type":"WebPage","@id":"https:\/\/ganaenergia.com\/blog\/mejores-tarifas-de-luz-para-autonomos\/","url":"https:\/\/ganaenergia.com\/blog\/mejores-tarifas-de-luz-para-autonomos\/","name":"Tarifas de luz para aut\u00f3nomos: cu\u00e1l elegir y c\u00f3mo ahorrar","isPartOf":{"@id":"https:\/\/ganaenergia.com\/blog\/#website"},"primaryImageOfPage":{"@id":"https:\/\/ganaenergia.com\/blog\/mejores-tarifas-de-luz-para-autonomos\/#primaryimage"},"image":{"@id":"https:\/\/ganaenergia.com\/blog\/mejores-tarifas-de-luz-para-autonomos\/#primaryimage"},"thumbnailUrl":"https:\/\/ganaenergia.com\/blog\/wp-content\/uploads\/2026\/03\/tarifas-de-luz-para-autonomos.webp","datePublished":"2026-03-17T09:05:57+00:00","dateModified":"2026-08-06T08:11:33+00:00","description":"Descubre qu\u00e9 tarifa de luz te conviene como aut\u00f3nomo seg\u00fan tu negocio. Comparativa clara, consejos y c\u00f3mo evitar pagar de m\u00e1s en tu factura.","breadcrumb":{"@id":"https:\/\/ganaenergia.com\/blog\/mejores-tarifas-de-luz-para-autonomos\/#breadcrumb"},"inLanguage":"es","potentialAction":[{"@type":"ReadAction","target":["https:\/\/ganaenergia.com\/blog\/mejores-tarifas-de-luz-para-autonomos\/"]}]},{"@type":"ImageObject","inLanguage":"es","@id":"https:\/\/ganaenergia.com\/blog\/mejores-tarifas-de-luz-para-autonomos\/#primaryimage","url":"https:\/\/ganaenergia.com\/blog\/wp-content\/uploads\/2026\/03\/tarifas-de-luz-para-autonomos.webp","contentUrl":"https:\/\/ganaenergia.com\/blog\/wp-content\/uploads\/2026\/03\/tarifas-de-luz-para-autonomos.webp","width":1344,"height":846,"caption":"tarifas de luz para aut\u00f3nomos"},{"@type":"BreadcrumbList","@id":"https:\/\/ganaenergia.com\/blog\/mejores-tarifas-de-luz-para-autonomos\/#breadcrumb","itemListElement":[{"@type":"ListItem","position":1,"name":"Blog","item":"https:\/\/ganaenergia.com\/blog\/"},{"@type":"ListItem","position":2,"name":"Luz","item":"https:\/\/ganaenergia.com\/blog\/luz\/"},{"@type":"ListItem","position":3,"name":"\u00bfC\u00f3mo elegir la mejor tarifa de luz para aut\u00f3nomos?"}]},{"@type":"WebSite","@id":"https:\/\/ganaenergia.com\/blog\/#website","url":"https:\/\/ganaenergia.com\/blog\/","name":"Gana Energ\u00eda","description":"El blog m\u00e1s completo del sector el\u00e9ctrico","publisher":{"@id":"https:\/\/ganaenergia.com\/blog\/#organization"},"potentialAction":[{"@type":"SearchAction","target":{"@type":"EntryPoint","urlTemplate":"https:\/\/ganaenergia.com\/blog\/?s={search_term_string}"},"query-input":{"@type":"PropertyValueSpecification","valueRequired":true,"valueName":"search_term_string"}}],"inLanguage":"es"},{"@type":"Organization","@id":"https:\/\/ganaenergia.com\/blog\/#organization","name":"Gana Energ\u00eda","alternateName":"Gaolania Servicios SL","url":"https:\/\/ganaenergia.com\/blog\/","logo":{"@type":"ImageObject","inLanguage":"es","@id":"https:\/\/ganaenergia.com\/blog\/#\/schema\/logo\/image\/","url":"https:\/\/ganaenergia.com\/blog\/wp-content\/uploads\/2026\/06\/gana.png","contentUrl":"https:\/\/ganaenergia.com\/blog\/wp-content\/uploads\/2026\/06\/gana.png","width":225,"height":224,"caption":"Gana Energ\u00eda"},"image":{"@id":"https:\/\/ganaenergia.com\/blog\/#\/schema\/logo\/image\/"},"sameAs":["https:\/\/www.facebook.com\/ahorraconganaenergia","https:\/\/x.com\/gana_energia","https:\/\/www.instagram.com\/ganaenergia\/","https:\/\/www.linkedin.com\/company\/gana-energia\/","https:\/\/www.pinterest.es\/ganaenergia\/_created\/","https:\/\/www.youtube.com\/GanaEnergia","https:\/\/www.wikidata.org\/wiki\/Q64151949"],"description":"Gana Energ\u00eda es una compa\u00f1\u00eda de luz y gas natural que ofrece desde 2015 una alternativa de ahorro y sencillez en el sector energ\u00e9tico. Ofrecemos tarifas de luz y gas a precios ajustados, facturas sin costes extra que no pediste y una Atenci\u00f3n al Cliente cercana y \u00e1gil. Nuestros clientes ahorran una media de 366\u20ac al a\u00f1o. \u00bfTe hacemos una comparativa gratuita de la factura de luz para ver cu\u00e1nto podr\u00edas ahorrarte?","telephone":"900 533 912","numberOfEmployees":{"@type":"QuantitativeValue","minValue":"51","maxValue":"200"},"publishingPrinciples":"https:\/\/ganaenergia.com\/blog\/politica-editorial\/"},{"@type":"Person","@id":"https:\/\/ganaenergia.com\/blog\/#\/schema\/person\/c7ae2bf27946106c6c5f876a2c7cf8e7","name":"Gloria Cerdan","image":{"@type":"ImageObject","inLanguage":"es","@id":"https:\/\/secure.gravatar.com\/avatar\/8a9bec32179e666035c2ee43d051749cd816ef9568c58ee1797ca41e489bdc1a?s=96&d=mm&r=g","url":"https:\/\/secure.gravatar.com\/avatar\/8a9bec32179e666035c2ee43d051749cd816ef9568c58ee1797ca41e489bdc1a?s=96&d=mm&r=g","contentUrl":"https:\/\/secure.gravatar.com\/avatar\/8a9bec32179e666035c2ee43d051749cd816ef9568c58ee1797ca41e489bdc1a?s=96&d=mm&r=g","caption":"Gloria Cerdan"},"description":"Soy asesora energ\u00e9tica en Gana Energ\u00eda. Mi misi\u00f3n es ayudar a pymes y grandes empresas a optimizar sus costes energ\u00e9ticos, porque s\u00e9 que el ahorro en la factura de luz y gas tiene un impacto directo en la rentabilidad de un negocio. Entiendo perfectamente las particularidades de los suministros empresariales, y me apasiona desgranar temas complejos y la gesti\u00f3n de contratos para que cada cliente tome la mejor decisi\u00f3n.","sameAs":["https:\/\/es.linkedin.com\/"],"url":"https:\/\/ganaenergia.com\/blog\/author\/gloria-cerdan\/"}]}},"_links":{"self":[{"href":"https:\/\/ganaenergia.com\/blog\/wp-json\/wp\/v2\/posts\/3983","targetHints":{"allow":["GET"]}}],"collection":[{"href":"https:\/\/ganaenergia.com\/blog\/wp-json\/wp\/v2\/posts"}],"about":[{"href":"https:\/\/ganaenergia.com\/blog\/wp-json\/wp\/v2\/types\/post"}],"author":[{"embeddable":true,"href":"https:\/\/ganaenergia.com\/blog\/wp-json\/wp\/v2\/users\/28"}],"replies":[{"embeddable":true,"href":"https:\/\/ganaenergia.com\/blog\/wp-json\/wp\/v2\/comments?post=3983"}],"version-history":[{"count":6,"href":"https:\/\/ganaenergia.com\/blog\/wp-json\/wp\/v2\/posts\/3983\/revisions"}],"predecessor-version":[{"id":22843,"href":"https:\/\/ganaenergia.com\/blog\/wp-json\/wp\/v2\/posts\/3983\/revisions\/22843"}],"wp:featuredmedia":[{"embeddable":true,"href":"https:\/\/ganaenergia.com\/blog\/wp-json\/wp\/v2\/media\/22476"}],"wp:attachment":[{"href":"https:\/\/ganaenergia.com\/blog\/wp-json\/wp\/v2\/media?parent=3983"}],"wp:term":[{"taxonomy":"category","embeddable":true,"href":"https:\/\/ganaenergia.com\/blog\/wp-json\/wp\/v2\/categories?post=3983"},{"taxonomy":"post_tag","embeddable":true,"href":"https:\/\/ganaenergia.com\/blog\/wp-json\/wp\/v2\/tags?post=3983"}],"curies":[{"name":"wp","href":"https:\/\/api.w.org\/{rel}","templated":true}]}}