{"id":8389,"date":"2026-05-13T10:22:21","date_gmt":"2026-05-13T08:22:21","guid":{"rendered":"https:\/\/ganaenergia.com\/blog\/?p=8389"},"modified":"2026-07-27T15:56:29","modified_gmt":"2026-07-27T13:56:29","slug":"por-que-sube-precio-gas","status":"publish","type":"post","link":"https:\/\/ganaenergia.com\/blog\/por-que-sube-precio-gas\/","title":{"rendered":"\u00bfPor qu\u00e9 sube el precio del gas?: Todo lo que debes saber"},"content":{"rendered":"<p>Si \u00faltimamente has abierto la factura y has pensado <strong>\u201c\u00bfpor qu\u00e9 sube el <a href=\"https:\/\/ganaenergia.com\/blog\/precio-del-gas\/\" target=\"_blank\">precio del gas<\/a> tanto?\u201d<\/strong>, no eres el \u00fanico. Durante los \u00faltimos a\u00f1os he hablado con decenas de consumidores que no entend\u00edan c\u00f3mo pod\u00eda variar tanto el coste del gas de un mes a otro, especialmente en invierno. De hecho, hace unos meses ayud\u00e9 a un familiar a revisar su factura porque hab\u00eda pasado de pagar 68 euros mensuales a m\u00e1s de 120 euros sin haber cambiado apenas sus h\u00e1bitos.<\/p>\n<p>La realidad es que detr\u00e1s del precio del gas hay una combinaci\u00f3n de factores internacionales, econ\u00f3micos y clim\u00e1ticos que afectan directamente a los hogares espa\u00f1oles. Y aunque muchas noticias hablan de guerras, mercados energ\u00e9ticos o geopol\u00edtica, pocas explican de forma clara c\u00f3mo todo eso termina impactando en algo tan cotidiano como ducharse, cocinar o poner la calefacci\u00f3n.<\/p>\n<p>En este art\u00edculo voy a explicarte <strong>por qu\u00e9 sube el precio del gas<\/strong>, qu\u00e9 factores influyen realmente en la factura y qu\u00e9 puedes hacer para reducir el impacto en tu bolsillo.<\/p>\n<h2>\u00bfQu\u00e9 factores explican por qu\u00e9 sube el precio del gas?<\/h2>\n<p><img fetchpriority=\"high\" decoding=\"async\" class=\"aligncenter size-large wp-image-21321\" src=\"https:\/\/ganaenergia.com\/blog\/wp-content\/uploads\/2026\/05\/a_pdpupunz8-1024x683.jpg\" alt=\"por qu\u00e9 sube el precio del gas\" width=\"1024\" height=\"683\" srcset=\"https:\/\/ganaenergia.com\/blog\/wp-content\/uploads\/2026\/05\/a_pdpupunz8-1024x683.jpg 1024w, https:\/\/ganaenergia.com\/blog\/wp-content\/uploads\/2026\/05\/a_pdpupunz8-300x200.jpg 300w, https:\/\/ganaenergia.com\/blog\/wp-content\/uploads\/2026\/05\/a_pdpupunz8-768x512.jpg 768w, https:\/\/ganaenergia.com\/blog\/wp-content\/uploads\/2026\/05\/a_pdpupunz8-1536x1024.jpg 1536w, https:\/\/ganaenergia.com\/blog\/wp-content\/uploads\/2026\/05\/a_pdpupunz8.jpg 1600w\" sizes=\"(max-width: 1024px) 100vw, 1024px\" \/><\/p>\n<p>El precio del gas natural no depende de una sola causa. En realidad, funciona como una cadena donde cualquier cambio internacional puede afectar r\u00e1pidamente al consumidor final.<\/p>\n<p>Estos son los principales motivos:<\/p>\n<ul>\n<li>Aumento de la demanda en invierno.<\/li>\n<li>Conflictos geopol\u00edticos y guerras.<\/li>\n<li>Dependencia energ\u00e9tica de Europa.<\/li>\n<li>Especulaci\u00f3n y mercados internacionales.<\/li>\n<li>Problemas de suministro.<\/li>\n<li>Subida del precio del transporte energ\u00e9tico.<\/li>\n<li>Relaci\u00f3n directa entre gas y electricidad.<\/li>\n<\/ul>\n<p>&nbsp;<\/p>\n<p>Vamos a verlo con detalle.<\/p>\n<h2>La demanda de calefacci\u00f3n hace subir el precio del gas en invierno<\/h2>\n<p>Uno de los motivos m\u00e1s importantes por los que sube el gas cada a\u00f1o es la estacionalidad. Cuando llega el fr\u00edo, millones de hogares europeos utilizan m\u00e1s calefacci\u00f3n y agua caliente. Esa demanda masiva provoca tensi\u00f3n en el mercado.<\/p>\n<p>Es exactamente lo mismo que ocurre con los hoteles en agosto o los vuelos en Navidad: si mucha gente quiere consumir algo al mismo tiempo, el precio aumenta.<\/p>\n<p>En mi experiencia revisando consumos dom\u00e9sticos, el cambio suele ser especialmente brusco entre noviembre y febrero. Muchos consumidores no se dan cuenta de cu\u00e1nto influye mantener la calefacci\u00f3n a 24 grados durante horas.<\/p>\n<p>Por eso, peque\u00f1as medidas como bajar un grado el termostato o mejorar el aislamiento pueden reducir bastante el consumo anual.<\/p>\n<h2>La guerra y la geopol\u00edtica influyen directamente en el precio del gas<\/h2>\n<p>Cuando alguien pregunta <strong>por qu\u00e9 sube el precio del gas<\/strong>, una de las respuestas m\u00e1s importantes est\u00e1 en la geopol\u00edtica.<\/p>\n<p>Europa ha dependido durante a\u00f1os del gas procedente de Rusia. Cuando se producen conflictos internacionales, sanciones o problemas diplom\u00e1ticos, el suministro puede reducirse y los mercados reaccionan r\u00e1pidamente con subidas.<\/p>\n<p>Esto ocurri\u00f3 especialmente tras la guerra de Ucrania, cuando muchos pa\u00edses europeos tuvieron que buscar proveedores alternativos en tiempo r\u00e9cord.<\/p>\n<p>El problema es que sustituir una fuente energ\u00e9tica no es sencillo. Requiere:<\/p>\n<ul>\n<li>Nuevos acuerdos internacionales.<\/li>\n<li>Infraestructuras de almacenamiento.<\/li>\n<li>Transporte mar\u00edtimo de gas natural licuado.<\/li>\n<li>M\u00e1s costes log\u00edsticos.<\/li>\n<\/ul>\n<p>Todo eso acaba repercutiendo en el consumidor.<\/p>\n<h2>\u00bfQu\u00e9 es el mercado TTF y c\u00f3mo afecta a tu factura?<\/h2>\n<p>Uno de los conceptos m\u00e1s importantes para entender <strong>por qu\u00e9 sube el precio del gas<\/strong> es el mercado TTF.<\/p>\n<p>El <a href=\"https:\/\/elperiodicodelaenergia.com\/que-es-el-ttf-el-gran-mercado-del-gas-mundial\/\">TTF (Title Transfer Facility)<\/a> es el principal mercado europeo donde se negocia el precio del gas natural. Funciona casi como una bolsa financiera de energ\u00eda.<\/p>\n<p>Si los inversores creen que habr\u00e1 menos suministro o m\u00e1s demanda, el precio sube inmediatamente, incluso antes de que exista una escasez real.<\/p>\n<p>Esto provoca que muchas veces el consumidor note aumentos r\u00e1pidos en la factura aunque su consumo apenas haya cambiado.<\/p>\n<p>Puedes consultar la <strong>evoluci\u00f3n oficial del mercado energ\u00e9tico europeo<\/strong> en la p\u00e1gina de la <a href=\"https:\/\/energy.ec.europa.eu\/index_en\" target=\"_blank\" rel=\"noopener noreferrer\">Comisi\u00f3n Europea de Energ\u00eda<\/a>.<\/p>\n<h2>\u00bfPor qu\u00e9 el precio del gas afecta tambi\u00e9n al precio de la luz?<\/h2>\n<p>Muchas personas se sorprenden cuando descubren que el gas y la electricidad est\u00e1n muy relacionados.<\/p>\n<p><strong>En Espa\u00f1a, buena parte de la electricidad se genera mediante centrales de ciclo combinado que utilizan gas natural<\/strong>. Cuando el gas sube, producir electricidad tambi\u00e9n se vuelve m\u00e1s caro.<\/p>\n<p>Por eso, aunque apenas uses gas en casa, puedes notar el impacto en la factura el\u00e9ctrica.<\/p>\n<p>Esta relaci\u00f3n ha generado situaciones muy llamativas en los \u00faltimos a\u00f1os. Recuerdo revisar facturas de clientes donde el consumo el\u00e9ctrico era pr\u00e1cticamente id\u00e9ntico al a\u00f1o anterior, pero el importe total hab\u00eda aumentado m\u00e1s de un 40% por el encarecimiento energ\u00e9tico.<\/p>\n<h2>La dependencia energ\u00e9tica europea sigue siendo un problema<\/h2>\n<p>Europa consume mucho m\u00e1s gas del que produce. Eso significa que necesita importar energ\u00eda constantemente.<\/p>\n<p>Espa\u00f1a tiene una ventaja respecto a otros pa\u00edses porque dispone de varias plantas regasificadoras y acceso al gas natural licuado por v\u00eda mar\u00edtima. Aun as\u00ed, seguimos dependiendo de mercados internacionales.<\/p>\n<p>Cuando pa\u00edses como China aumentan su demanda energ\u00e9tica o hay problemas de producci\u00f3n global, toda Europa compite por el mismo suministro.<\/p>\n<p>Y cuando varios compradores compiten por un recurso limitado, el precio vuelve a subir.<\/p>\n<h2>La especulaci\u00f3n energ\u00e9tica tambi\u00e9n influye<\/h2>\n<p>Aunque muchas veces no se habla de ello, los mercados financieros tienen un peso enorme en el precio energ\u00e9tico.<\/p>\n<p>Los contratos de futuros permiten comprar y vender gas antes de que se entregue f\u00edsicamente. Eso hace que las expectativas econ\u00f3micas influyan mucho en el precio final.<\/p>\n<p>Por ejemplo:<\/p>\n<ul>\n<li>Una previsi\u00f3n de invierno muy fr\u00edo puede disparar los precios.<\/li>\n<li>Un conflicto internacional genera nerviosismo inmediato.<\/li>\n<li>Rumores sobre cortes de suministro alteran el mercado.<\/li>\n<\/ul>\n<p>Es decir, el precio no siempre sube \u00fanicamente por falta real de gas, sino tambi\u00e9n por la percepci\u00f3n de riesgo.<\/p>\n<h2>\u00bfC\u00f3mo reducir el impacto de la subida del gas en casa?<\/h2>\n<p>Aunque no podemos controlar el mercado energ\u00e9tico mundial, s\u00ed podemos reducir el impacto en la factura.<\/p>\n<p>Estas son las medidas que mejores resultados suelen dar:<\/p>\n<ol>\n<li><strong>Revisar la tarifa energ\u00e9tica.<\/strong> Muchas personas pagan m\u00e1s de lo necesario por no actualizar su contrato.<\/li>\n<li><strong>Mejorar el aislamiento.<\/strong> Ventanas antiguas y fugas t\u00e9rmicas disparan el consumo.<\/li>\n<li><strong>Regular correctamente la calefacci\u00f3n.<\/strong> Cada grado extra puede aumentar el gasto entre un 7% y un 10%.<\/li>\n<li><strong>Hacer mantenimiento de la caldera.<\/strong> Una instalaci\u00f3n eficiente consume menos.<\/li>\n<li><strong>Controlar horarios de uso.<\/strong> Programar la calefacci\u00f3n evita consumos innecesarios.<\/li>\n<\/ol>\n<p>Tambi\u00e9n es importante comparar compa\u00f1\u00edas transparentes y con precios claros. En<br \/>\n<a href=\"https:\/\/ganaenergia.com\/\" target=\"_blank\" rel=\"noopener noreferrer\">Gana Energ\u00eda<\/a> puedes revisar opciones adaptadas al consumo real de cada hogar.<\/p>\n<h2>\u00bfSeguir\u00e1 subiendo el precio del gas en los pr\u00f3ximos a\u00f1os?<\/h2>\n<p>Es dif\u00edcil predecirlo con exactitud, pero muchos expertos consideran que la volatilidad seguir\u00e1 presente.<\/p>\n<p>Hay varios factores que continuar\u00e1n influyendo:<\/p>\n<ul>\n<li>La transici\u00f3n hacia energ\u00edas renovables.<\/li>\n<li>La tensi\u00f3n geopol\u00edtica internacional.<\/li>\n<li>La dependencia europea del gas importado.<\/li>\n<li>La demanda energ\u00e9tica mundial.<\/li>\n<li>Las pol\u00edticas clim\u00e1ticas europeas.<\/li>\n<\/ul>\n<p>Lo m\u00e1s probable es que sigamos viendo periodos de estabilidad combinados con picos de subida importantes, especialmente en invierno.<\/p>\n<h2>FAQs sobre por qu\u00e9 sube el precio del gas<\/h2>\n<div class=\"faq-elementor\"><details class=\"faq-item\"><summary class=\"faq-summary\"><span class=\"faq-question\">\u00bfPor qu\u00e9 ha subido tanto el precio del gas en Espa\u00f1a?<\/span><span class=\"faq-icon\"><svg xmlns=\"http:\/\/www.w3.org\/2000\/svg\"\n                    width=\"24\"\n                    height=\"24\"\n                    viewBox=\"0 0 24 24\"\n                    fill=\"none\"><path d=\"M12.1054 5.25L12.1055 12.25M12.1055 12.25L5.10547 12.25M12.1055 12.25L12.1055 19.2499M12.1055 12.25L19.1055 12.25\"\n                    stroke=\"#353646\"\n                    stroke-width=\"1.5\"\n                    stroke-linecap=\"round\"\n                    stroke-linejoin=\"round\"\/><\/svg><\/span><\/summary><div class=\"faq-answer\">Principalmente por la combinaci\u00f3n de alta demanda, conflictos internacionales, dependencia energ\u00e9tica europea y aumento del coste en los mercados internacionales.<\/div><\/details><details class=\"faq-item\"><summary class=\"faq-summary\"><span class=\"faq-question\">\u00bfQui\u00e9n decide el precio del gas?<\/span><span class=\"faq-icon\"><svg xmlns=\"http:\/\/www.w3.org\/2000\/svg\"\n                    width=\"24\"\n                    height=\"24\"\n                    viewBox=\"0 0 24 24\"\n                    fill=\"none\"><path d=\"M12.1054 5.25L12.1055 12.25M12.1055 12.25L5.10547 12.25M12.1055 12.25L12.1055 19.2499M12.1055 12.25L19.1055 12.25\"\n                    stroke=\"#353646\"\n                    stroke-width=\"1.5\"\n                    stroke-linecap=\"round\"\n                    stroke-linejoin=\"round\"\/><\/svg><\/span><\/summary><div class=\"faq-answer\">El precio se determina en mercados internacionales como el TTF europeo, donde influyen la oferta, la demanda y factores financieros.<\/div><\/details><details class=\"faq-item\"><summary class=\"faq-summary\"><span class=\"faq-question\">\u00bfEl precio del gas afecta a la electricidad?<\/span><span class=\"faq-icon\"><svg xmlns=\"http:\/\/www.w3.org\/2000\/svg\"\n                    width=\"24\"\n                    height=\"24\"\n                    viewBox=\"0 0 24 24\"\n                    fill=\"none\"><path d=\"M12.1054 5.25L12.1055 12.25M12.1055 12.25L5.10547 12.25M12.1055 12.25L12.1055 19.2499M12.1055 12.25L19.1055 12.25\"\n                    stroke=\"#353646\"\n                    stroke-width=\"1.5\"\n                    stroke-linecap=\"round\"\n                    stroke-linejoin=\"round\"\/><\/svg><\/span><\/summary><div class=\"faq-answer\">S\u00ed. Muchas centrales el\u00e9ctricas utilizan gas natural para generar electricidad, por lo que ambos precios est\u00e1n estrechamente relacionados.<\/div><\/details><details class=\"faq-item\"><summary class=\"faq-summary\"><span class=\"faq-question\">\u00bfCu\u00e1ndo suele subir m\u00e1s el gas?<\/span><span class=\"faq-icon\"><svg xmlns=\"http:\/\/www.w3.org\/2000\/svg\"\n                    width=\"24\"\n                    height=\"24\"\n                    viewBox=\"0 0 24 24\"\n                    fill=\"none\"><path d=\"M12.1054 5.25L12.1055 12.25M12.1055 12.25L5.10547 12.25M12.1055 12.25L12.1055 19.2499M12.1055 12.25L19.1055 12.25\"\n                    stroke=\"#353646\"\n                    stroke-width=\"1.5\"\n                    stroke-linecap=\"round\"\n                    stroke-linejoin=\"round\"\/><\/svg><\/span><\/summary><div class=\"faq-answer\">Normalmente durante el invierno, cuando aumenta el consumo de calefacci\u00f3n en toda Europa.<\/div><\/details><details class=\"faq-item\"><summary class=\"faq-summary\"><span class=\"faq-question\">\u00bfC\u00f3mo puedo pagar menos en la factura?<\/span><span class=\"faq-icon\"><svg xmlns=\"http:\/\/www.w3.org\/2000\/svg\"\n                    width=\"24\"\n                    height=\"24\"\n                    viewBox=\"0 0 24 24\"\n                    fill=\"none\"><path d=\"M12.1054 5.25L12.1055 12.25M12.1055 12.25L5.10547 12.25M12.1055 12.25L12.1055 19.2499M12.1055 12.25L19.1055 12.25\"\n                    stroke=\"#353646\"\n                    stroke-width=\"1.5\"\n                    stroke-linecap=\"round\"\n                    stroke-linejoin=\"round\"\/><\/svg><\/span><\/summary><div class=\"faq-answer\">Reduciendo el consumo innecesario, mejorando la eficiencia energ\u00e9tica del hogar y contratando tarifas adaptadas al uso real.<\/div><\/details><\/div><br\/>\n<h2>Conclusi\u00f3n: Entender por qu\u00e9 sube el precio del gas ayuda a ahorrar m\u00e1s<\/h2>\n<p>Ahora que sabes <strong>por qu\u00e9 sube el precio del gas<\/strong>, resulta m\u00e1s f\u00e1cil entender que la factura no depende \u00fanicamente del consumo dom\u00e9stico. Factores internacionales, mercados energ\u00e9ticos, clima y decisiones pol\u00edticas influyen cada d\u00eda en lo que pagamos.<\/p>\n<p>Sin embargo, s\u00ed hay algo que puedes controlar: elegir una compa\u00f1\u00eda transparente y una tarifa adaptada a tus necesidades reales. En<br \/>\n<a href=\"https:\/\/ganaenergia.com\/tarifas-luz\" target=\"_blank\" rel=\"noopener noreferrer\">las tarifas de luz de Gana Energ\u00eda<\/a> puedes encontrar opciones pensadas para ahorrar, sin complicaciones y con condiciones claras. Revisar tu tarifa puede marcar una diferencia importante en el gasto anual de tu hogar.<\/p>\n\n\n<div class=\"kk-star-ratings kksr-auto kksr-align-left kksr-valign-bottom\"\n    data-payload='{&quot;align&quot;:&quot;left&quot;,&quot;id&quot;:&quot;8389&quot;,&quot;slug&quot;:&quot;default&quot;,&quot;valign&quot;:&quot;bottom&quot;,&quot;ignore&quot;:&quot;&quot;,&quot;reference&quot;:&quot;auto&quot;,&quot;class&quot;:&quot;&quot;,&quot;count&quot;:&quot;77&quot;,&quot;legendonly&quot;:&quot;&quot;,&quot;readonly&quot;:&quot;&quot;,&quot;score&quot;:&quot;4.9&quot;,&quot;starsonly&quot;:&quot;&quot;,&quot;best&quot;:&quot;5&quot;,&quot;gap&quot;:&quot;5&quot;,&quot;greet&quot;:&quot;Punt\u00faa este Post&quot;,&quot;legend&quot;:&quot;4.9\\\/5 - (77 votos)&quot;,&quot;size&quot;:&quot;20&quot;,&quot;title&quot;:&quot;\u00bfPor qu\u00e9 sube el precio del gas?: Todo lo que debes saber&quot;,&quot;width&quot;:&quot;120&quot;,&quot;_legend&quot;:&quot;{score}\\\/{best} - ({count} {votes})&quot;,&quot;font_factor&quot;:&quot;1.25&quot;}'>\n            \n<div class=\"kksr-stars\">\n    \n<div class=\"kksr-stars-inactive\">\n            <div class=\"kksr-star\" data-star=\"1\" style=\"padding-right: 5px\">\n            \n\n<div class=\"kksr-icon\" style=\"width: 20px; height: 20px;\"><\/div>\n        <\/div>\n            <div class=\"kksr-star\" data-star=\"2\" style=\"padding-right: 5px\">\n            \n\n<div class=\"kksr-icon\" style=\"width: 20px; height: 20px;\"><\/div>\n        <\/div>\n            <div class=\"kksr-star\" data-star=\"3\" style=\"padding-right: 5px\">\n            \n\n<div class=\"kksr-icon\" style=\"width: 20px; height: 20px;\"><\/div>\n        <\/div>\n            <div class=\"kksr-star\" data-star=\"4\" style=\"padding-right: 5px\">\n            \n\n<div class=\"kksr-icon\" style=\"width: 20px; height: 20px;\"><\/div>\n        <\/div>\n            <div class=\"kksr-star\" data-star=\"5\" style=\"padding-right: 5px\">\n            \n\n<div class=\"kksr-icon\" style=\"width: 20px; height: 20px;\"><\/div>\n        <\/div>\n    <\/div>\n    \n<div class=\"kksr-stars-active\" style=\"width: 120px;\">\n            <div class=\"kksr-star\" style=\"padding-right: 5px\">\n            \n\n<div class=\"kksr-icon\" style=\"width: 20px; height: 20px;\"><\/div>\n        <\/div>\n            <div class=\"kksr-star\" style=\"padding-right: 5px\">\n            \n\n<div class=\"kksr-icon\" style=\"width: 20px; height: 20px;\"><\/div>\n        <\/div>\n            <div class=\"kksr-star\" style=\"padding-right: 5px\">\n            \n\n<div class=\"kksr-icon\" style=\"width: 20px; height: 20px;\"><\/div>\n        <\/div>\n            <div class=\"kksr-star\" style=\"padding-right: 5px\">\n            \n\n<div class=\"kksr-icon\" style=\"width: 20px; height: 20px;\"><\/div>\n        <\/div>\n            <div class=\"kksr-star\" style=\"padding-right: 5px\">\n            \n\n<div class=\"kksr-icon\" style=\"width: 20px; height: 20px;\"><\/div>\n        <\/div>\n    <\/div>\n<\/div>\n                \n\n<div class=\"kksr-legend\" style=\"font-size: 16px;\">\n            4.9\/5 - (77 votos)    <\/div>\n    <\/div>\n","protected":false},"excerpt":{"rendered":"<p>En este art\u00edculo voy a explicarte por qu\u00e9 sube el precio del gas, qu\u00e9 factores influyen realmente en la factura y qu\u00e9 puedes hacer para reducir el impacto en tu bolsillo.<\/p>\n","protected":false},"author":26,"featured_media":22364,"comment_status":"open","ping_status":"closed","sticky":false,"template":"","format":"standard","meta":{"_acf_changed":false,"footnotes":""},"categories":[550],"tags":[],"class_list":["post-8389","post","type-post","status-publish","format-standard","has-post-thumbnail","hentry","category-gas"],"acf":[],"yoast_head":"<!-- This site is optimized with the Yoast SEO Premium plugin v28.0 (Yoast SEO v28.0) - https:\/\/yoast.com\/product\/yoast-seo-premium-wordpress\/ -->\n<title>\u00bfPor qu\u00e9 sube el precio del gas? - Gu\u00eda completa 2026<\/title>\n<meta name=\"description\" content=\"Descubre por qu\u00e9 sube el precio del gas en Espa\u00f1a, qu\u00e9 factores influyen en tu factura y c\u00f3mo reducir el impacto con consejos pr\u00e1cticos y explicaciones claras.\" \/>\n<meta name=\"robots\" content=\"index, follow, max-snippet:-1, max-image-preview:large, max-video-preview:-1\" \/>\n<link rel=\"canonical\" href=\"https:\/\/ganaenergia.com\/blog\/por-que-sube-precio-gas\/\" \/>\n<meta property=\"og:locale\" content=\"es_ES\" \/>\n<meta property=\"og:type\" content=\"article\" \/>\n<meta property=\"og:title\" content=\"\u25b7 Por qu\u00e9 sube el precio del gas: Todo lo que debes saber\" \/>\n<meta property=\"og:description\" content=\"\u00bfHas o\u00eddo hablar de la Subida del Gas Natural? \u261d Te contamos Por Qu\u00e9 Sube el Precio del Gas, hasta cu\u00e1ndo subir\u00e1 y su relaci\u00f3n con la luz\" \/>\n<meta property=\"og:url\" content=\"https:\/\/ganaenergia.com\/blog\/por-que-sube-precio-gas\/\" \/>\n<meta property=\"og:site_name\" content=\"Gana Energ\u00eda\" \/>\n<meta property=\"article:publisher\" content=\"https:\/\/www.facebook.com\/ahorraconganaenergia\" \/>\n<meta property=\"article:published_time\" content=\"2026-05-13T08:22:21+00:00\" \/>\n<meta property=\"article:modified_time\" content=\"2026-07-27T13:56:29+00:00\" \/>\n<meta property=\"og:image\" content=\"https:\/\/ganaenergia.com\/blog\/wp-content\/uploads\/2026\/06\/GanaEnergia_Logo_Principal_Azul.png\" \/>\n\t<meta property=\"og:image:width\" content=\"872\" \/>\n\t<meta property=\"og:image:height\" content=\"273\" \/>\n\t<meta property=\"og:image:type\" content=\"image\/png\" \/>\n<meta name=\"author\" content=\"Enrique Medina\" \/>\n<meta name=\"twitter:card\" content=\"summary_large_image\" \/>\n<meta name=\"twitter:title\" content=\"\u25b7 Por qu\u00e9 sube el precio del gas: Todo lo que debes saber\" \/>\n<meta name=\"twitter:description\" content=\"\u00bfHas o\u00eddo hablar de la Subida del Gas Natural? \u261d Te contamos Por Qu\u00e9 Sube el Precio del Gas, hasta cu\u00e1ndo subir\u00e1 y su relaci\u00f3n con la luz\" \/>\n<meta name=\"twitter:creator\" content=\"@gana_energia\" \/>\n<meta name=\"twitter:site\" content=\"@gana_energia\" \/>\n<meta name=\"twitter:label1\" content=\"Escrito por\" \/>\n\t<meta name=\"twitter:data1\" content=\"Enrique Medina\" \/>\n\t<meta name=\"twitter:label2\" content=\"Tiempo de lectura\" \/>\n\t<meta name=\"twitter:data2\" content=\"7 minutos\" \/>\n<script type=\"application\/ld+json\" class=\"yoast-schema-graph\">{\"@context\":\"https:\\\/\\\/schema.org\",\"@graph\":[{\"@type\":\"Article\",\"@id\":\"https:\\\/\\\/ganaenergia.com\\\/blog\\\/por-que-sube-precio-gas\\\/#article\",\"isPartOf\":{\"@id\":\"https:\\\/\\\/ganaenergia.com\\\/blog\\\/por-que-sube-precio-gas\\\/\"},\"author\":{\"name\":\"Enrique Medina\",\"@id\":\"https:\\\/\\\/ganaenergia.com\\\/blog\\\/#\\\/schema\\\/person\\\/f78ef5f89e8ba038af6aca95a5179fb2\"},\"headline\":\"\u00bfPor qu\u00e9 sube el precio del gas?: Todo lo que debes saber\",\"datePublished\":\"2026-05-13T08:22:21+00:00\",\"dateModified\":\"2026-07-27T13:56:29+00:00\",\"mainEntityOfPage\":{\"@id\":\"https:\\\/\\\/ganaenergia.com\\\/blog\\\/por-que-sube-precio-gas\\\/\"},\"wordCount\":1522,\"commentCount\":0,\"publisher\":{\"@id\":\"https:\\\/\\\/ganaenergia.com\\\/blog\\\/#organization\"},\"image\":{\"@id\":\"https:\\\/\\\/ganaenergia.com\\\/blog\\\/por-que-sube-precio-gas\\\/#primaryimage\"},\"thumbnailUrl\":\"https:\\\/\\\/ganaenergia.com\\\/blog\\\/wp-content\\\/uploads\\\/2026\\\/05\\\/por-que-sube-el-precio-del-gas.webp\",\"articleSection\":[\"Gas\"],\"inLanguage\":\"es\",\"potentialAction\":[{\"@type\":\"CommentAction\",\"name\":\"Comment\",\"target\":[\"https:\\\/\\\/ganaenergia.com\\\/blog\\\/por-que-sube-precio-gas\\\/#respond\"]}]},{\"@type\":\"WebPage\",\"@id\":\"https:\\\/\\\/ganaenergia.com\\\/blog\\\/por-que-sube-precio-gas\\\/\",\"url\":\"https:\\\/\\\/ganaenergia.com\\\/blog\\\/por-que-sube-precio-gas\\\/\",\"name\":\"\u00bfPor qu\u00e9 sube el precio del gas? - Gu\u00eda completa 2026\",\"isPartOf\":{\"@id\":\"https:\\\/\\\/ganaenergia.com\\\/blog\\\/#website\"},\"primaryImageOfPage\":{\"@id\":\"https:\\\/\\\/ganaenergia.com\\\/blog\\\/por-que-sube-precio-gas\\\/#primaryimage\"},\"image\":{\"@id\":\"https:\\\/\\\/ganaenergia.com\\\/blog\\\/por-que-sube-precio-gas\\\/#primaryimage\"},\"thumbnailUrl\":\"https:\\\/\\\/ganaenergia.com\\\/blog\\\/wp-content\\\/uploads\\\/2026\\\/05\\\/por-que-sube-el-precio-del-gas.webp\",\"datePublished\":\"2026-05-13T08:22:21+00:00\",\"dateModified\":\"2026-07-27T13:56:29+00:00\",\"description\":\"Descubre por qu\u00e9 sube el precio del gas en Espa\u00f1a, qu\u00e9 factores influyen en tu factura y c\u00f3mo reducir el impacto con consejos pr\u00e1cticos y explicaciones claras.\",\"breadcrumb\":{\"@id\":\"https:\\\/\\\/ganaenergia.com\\\/blog\\\/por-que-sube-precio-gas\\\/#breadcrumb\"},\"inLanguage\":\"es\",\"potentialAction\":[{\"@type\":\"ReadAction\",\"target\":[\"https:\\\/\\\/ganaenergia.com\\\/blog\\\/por-que-sube-precio-gas\\\/\"]}]},{\"@type\":\"ImageObject\",\"inLanguage\":\"es\",\"@id\":\"https:\\\/\\\/ganaenergia.com\\\/blog\\\/por-que-sube-precio-gas\\\/#primaryimage\",\"url\":\"https:\\\/\\\/ganaenergia.com\\\/blog\\\/wp-content\\\/uploads\\\/2026\\\/05\\\/por-que-sube-el-precio-del-gas.webp\",\"contentUrl\":\"https:\\\/\\\/ganaenergia.com\\\/blog\\\/wp-content\\\/uploads\\\/2026\\\/05\\\/por-que-sube-el-precio-del-gas.webp\",\"width\":1341,\"height\":846,\"caption\":\"por qu\u00e9 sube el precio del gas\"},{\"@type\":\"BreadcrumbList\",\"@id\":\"https:\\\/\\\/ganaenergia.com\\\/blog\\\/por-que-sube-precio-gas\\\/#breadcrumb\",\"itemListElement\":[{\"@type\":\"ListItem\",\"position\":1,\"name\":\"Blog\",\"item\":\"https:\\\/\\\/ganaenergia.com\\\/blog\\\/\"},{\"@type\":\"ListItem\",\"position\":2,\"name\":\"Gas\",\"item\":\"https:\\\/\\\/ganaenergia.com\\\/blog\\\/gas\\\/\"},{\"@type\":\"ListItem\",\"position\":3,\"name\":\"\u00bfPor qu\u00e9 sube el precio del gas?: Todo lo que debes saber\"}]},{\"@type\":\"WebSite\",\"@id\":\"https:\\\/\\\/ganaenergia.com\\\/blog\\\/#website\",\"url\":\"https:\\\/\\\/ganaenergia.com\\\/blog\\\/\",\"name\":\"Gana Energ\u00eda\",\"description\":\"El blog m\u00e1s completo del sector el\u00e9ctrico\",\"publisher\":{\"@id\":\"https:\\\/\\\/ganaenergia.com\\\/blog\\\/#organization\"},\"potentialAction\":[{\"@type\":\"SearchAction\",\"target\":{\"@type\":\"EntryPoint\",\"urlTemplate\":\"https:\\\/\\\/ganaenergia.com\\\/blog\\\/?s={search_term_string}\"},\"query-input\":{\"@type\":\"PropertyValueSpecification\",\"valueRequired\":true,\"valueName\":\"search_term_string\"}}],\"inLanguage\":\"es\"},{\"@type\":\"Organization\",\"@id\":\"https:\\\/\\\/ganaenergia.com\\\/blog\\\/#organization\",\"name\":\"Gana Energ\u00eda\",\"alternateName\":\"Gaolania Servicios SL\",\"url\":\"https:\\\/\\\/ganaenergia.com\\\/blog\\\/\",\"logo\":{\"@type\":\"ImageObject\",\"inLanguage\":\"es\",\"@id\":\"https:\\\/\\\/ganaenergia.com\\\/blog\\\/#\\\/schema\\\/logo\\\/image\\\/\",\"url\":\"https:\\\/\\\/ganaenergia.com\\\/blog\\\/wp-content\\\/uploads\\\/2026\\\/06\\\/gana.png\",\"contentUrl\":\"https:\\\/\\\/ganaenergia.com\\\/blog\\\/wp-content\\\/uploads\\\/2026\\\/06\\\/gana.png\",\"width\":225,\"height\":224,\"caption\":\"Gana Energ\u00eda\"},\"image\":{\"@id\":\"https:\\\/\\\/ganaenergia.com\\\/blog\\\/#\\\/schema\\\/logo\\\/image\\\/\"},\"sameAs\":[\"https:\\\/\\\/www.facebook.com\\\/ahorraconganaenergia\",\"https:\\\/\\\/x.com\\\/gana_energia\",\"https:\\\/\\\/www.instagram.com\\\/ganaenergia\\\/\",\"https:\\\/\\\/www.linkedin.com\\\/company\\\/gana-energia\\\/\",\"https:\\\/\\\/www.pinterest.es\\\/ganaenergia\\\/_created\\\/\",\"https:\\\/\\\/www.youtube.com\\\/GanaEnergia\",\"https:\\\/\\\/www.wikidata.org\\\/wiki\\\/Q64151949\"],\"description\":\"Gana Energ\u00eda es una compa\u00f1\u00eda de luz y gas natural que ofrece desde 2015 una alternativa de ahorro y sencillez en el sector energ\u00e9tico. Ofrecemos tarifas de luz y gas a precios ajustados, facturas sin costes extra que no pediste y una Atenci\u00f3n al Cliente cercana y \u00e1gil. Nuestros clientes ahorran una media de 366\u20ac al a\u00f1o. \u00bfTe hacemos una comparativa gratuita de la factura de luz para ver cu\u00e1nto podr\u00edas ahorrarte?\",\"telephone\":\"900 533 912\",\"numberOfEmployees\":{\"@type\":\"QuantitativeValue\",\"minValue\":\"51\",\"maxValue\":\"200\"},\"publishingPrinciples\":\"https:\\\/\\\/ganaenergia.com\\\/blog\\\/politica-editorial\\\/\"},{\"@type\":\"Person\",\"@id\":\"https:\\\/\\\/ganaenergia.com\\\/blog\\\/#\\\/schema\\\/person\\\/f78ef5f89e8ba038af6aca95a5179fb2\",\"name\":\"Enrique Medina\",\"image\":{\"@type\":\"ImageObject\",\"inLanguage\":\"es\",\"@id\":\"https:\\\/\\\/secure.gravatar.com\\\/avatar\\\/d16f860eb8264ecf47fefd36482b5737498d951e585db27cf83f26a5d8d376c8?s=96&d=mm&r=g\",\"url\":\"https:\\\/\\\/secure.gravatar.com\\\/avatar\\\/d16f860eb8264ecf47fefd36482b5737498d951e585db27cf83f26a5d8d376c8?s=96&d=mm&r=g\",\"contentUrl\":\"https:\\\/\\\/secure.gravatar.com\\\/avatar\\\/d16f860eb8264ecf47fefd36482b5737498d951e585db27cf83f26a5d8d376c8?s=96&d=mm&r=g\",\"caption\":\"Enrique Medina\"},\"description\":\"Digital Marketing Analyst &amp; CRO en Gana Energ\u00eda. Me apasiona analizar datos, entender el comportamiento del usuario y encontrar formas inteligentes de optimizar su experiencia para hacer el sector energ\u00e9tico m\u00e1s transparente y accesible.\",\"sameAs\":[\"https:\\\/\\\/es.linkedin.com\\\/in\\\/enrique-medina\"],\"jobTitle\":\"Anal\u00edtica, CRO y SEO.\",\"url\":\"https:\\\/\\\/ganaenergia.com\\\/blog\\\/author\\\/enrique\\\/\"}]}<\/script>\n<!-- \/ Yoast SEO Premium plugin. -->","yoast_head_json":{"title":"\u00bfPor qu\u00e9 sube el precio del gas? - Gu\u00eda completa 2026","description":"Descubre por qu\u00e9 sube el precio del gas en Espa\u00f1a, qu\u00e9 factores influyen en tu factura y c\u00f3mo reducir el impacto con consejos pr\u00e1cticos y explicaciones claras.","robots":{"index":"index","follow":"follow","max-snippet":"max-snippet:-1","max-image-preview":"max-image-preview:large","max-video-preview":"max-video-preview:-1"},"canonical":"https:\/\/ganaenergia.com\/blog\/por-que-sube-precio-gas\/","og_locale":"es_ES","og_type":"article","og_title":"\u25b7 Por qu\u00e9 sube el precio del gas: Todo lo que debes saber","og_description":"\u00bfHas o\u00eddo hablar de la Subida del Gas Natural? \u261d Te contamos Por Qu\u00e9 Sube el Precio del Gas, hasta cu\u00e1ndo subir\u00e1 y su relaci\u00f3n con la luz","og_url":"https:\/\/ganaenergia.com\/blog\/por-que-sube-precio-gas\/","og_site_name":"Gana Energ\u00eda","article_publisher":"https:\/\/www.facebook.com\/ahorraconganaenergia","article_published_time":"2026-05-13T08:22:21+00:00","article_modified_time":"2026-07-27T13:56:29+00:00","og_image":[{"width":872,"height":273,"url":"https:\/\/ganaenergia.com\/blog\/wp-content\/uploads\/2026\/06\/GanaEnergia_Logo_Principal_Azul.png","type":"image\/png"}],"author":"Enrique Medina","twitter_card":"summary_large_image","twitter_title":"\u25b7 Por qu\u00e9 sube el precio del gas: Todo lo que debes saber","twitter_description":"\u00bfHas o\u00eddo hablar de la Subida del Gas Natural? \u261d Te contamos Por Qu\u00e9 Sube el Precio del Gas, hasta cu\u00e1ndo subir\u00e1 y su relaci\u00f3n con la luz","twitter_creator":"@gana_energia","twitter_site":"@gana_energia","twitter_misc":{"Escrito por":"Enrique Medina","Tiempo de lectura":"7 minutos"},"schema":{"@context":"https:\/\/schema.org","@graph":[{"@type":"Article","@id":"https:\/\/ganaenergia.com\/blog\/por-que-sube-precio-gas\/#article","isPartOf":{"@id":"https:\/\/ganaenergia.com\/blog\/por-que-sube-precio-gas\/"},"author":{"name":"Enrique Medina","@id":"https:\/\/ganaenergia.com\/blog\/#\/schema\/person\/f78ef5f89e8ba038af6aca95a5179fb2"},"headline":"\u00bfPor qu\u00e9 sube el precio del gas?: Todo lo que debes saber","datePublished":"2026-05-13T08:22:21+00:00","dateModified":"2026-07-27T13:56:29+00:00","mainEntityOfPage":{"@id":"https:\/\/ganaenergia.com\/blog\/por-que-sube-precio-gas\/"},"wordCount":1522,"commentCount":0,"publisher":{"@id":"https:\/\/ganaenergia.com\/blog\/#organization"},"image":{"@id":"https:\/\/ganaenergia.com\/blog\/por-que-sube-precio-gas\/#primaryimage"},"thumbnailUrl":"https:\/\/ganaenergia.com\/blog\/wp-content\/uploads\/2026\/05\/por-que-sube-el-precio-del-gas.webp","articleSection":["Gas"],"inLanguage":"es","potentialAction":[{"@type":"CommentAction","name":"Comment","target":["https:\/\/ganaenergia.com\/blog\/por-que-sube-precio-gas\/#respond"]}]},{"@type":"WebPage","@id":"https:\/\/ganaenergia.com\/blog\/por-que-sube-precio-gas\/","url":"https:\/\/ganaenergia.com\/blog\/por-que-sube-precio-gas\/","name":"\u00bfPor qu\u00e9 sube el precio del gas? - Gu\u00eda completa 2026","isPartOf":{"@id":"https:\/\/ganaenergia.com\/blog\/#website"},"primaryImageOfPage":{"@id":"https:\/\/ganaenergia.com\/blog\/por-que-sube-precio-gas\/#primaryimage"},"image":{"@id":"https:\/\/ganaenergia.com\/blog\/por-que-sube-precio-gas\/#primaryimage"},"thumbnailUrl":"https:\/\/ganaenergia.com\/blog\/wp-content\/uploads\/2026\/05\/por-que-sube-el-precio-del-gas.webp","datePublished":"2026-05-13T08:22:21+00:00","dateModified":"2026-07-27T13:56:29+00:00","description":"Descubre por qu\u00e9 sube el precio del gas en Espa\u00f1a, qu\u00e9 factores influyen en tu factura y c\u00f3mo reducir el impacto con consejos pr\u00e1cticos y explicaciones claras.","breadcrumb":{"@id":"https:\/\/ganaenergia.com\/blog\/por-que-sube-precio-gas\/#breadcrumb"},"inLanguage":"es","potentialAction":[{"@type":"ReadAction","target":["https:\/\/ganaenergia.com\/blog\/por-que-sube-precio-gas\/"]}]},{"@type":"ImageObject","inLanguage":"es","@id":"https:\/\/ganaenergia.com\/blog\/por-que-sube-precio-gas\/#primaryimage","url":"https:\/\/ganaenergia.com\/blog\/wp-content\/uploads\/2026\/05\/por-que-sube-el-precio-del-gas.webp","contentUrl":"https:\/\/ganaenergia.com\/blog\/wp-content\/uploads\/2026\/05\/por-que-sube-el-precio-del-gas.webp","width":1341,"height":846,"caption":"por qu\u00e9 sube el precio del gas"},{"@type":"BreadcrumbList","@id":"https:\/\/ganaenergia.com\/blog\/por-que-sube-precio-gas\/#breadcrumb","itemListElement":[{"@type":"ListItem","position":1,"name":"Blog","item":"https:\/\/ganaenergia.com\/blog\/"},{"@type":"ListItem","position":2,"name":"Gas","item":"https:\/\/ganaenergia.com\/blog\/gas\/"},{"@type":"ListItem","position":3,"name":"\u00bfPor qu\u00e9 sube el precio del gas?: Todo lo que debes saber"}]},{"@type":"WebSite","@id":"https:\/\/ganaenergia.com\/blog\/#website","url":"https:\/\/ganaenergia.com\/blog\/","name":"Gana Energ\u00eda","description":"El blog m\u00e1s completo del sector el\u00e9ctrico","publisher":{"@id":"https:\/\/ganaenergia.com\/blog\/#organization"},"potentialAction":[{"@type":"SearchAction","target":{"@type":"EntryPoint","urlTemplate":"https:\/\/ganaenergia.com\/blog\/?s={search_term_string}"},"query-input":{"@type":"PropertyValueSpecification","valueRequired":true,"valueName":"search_term_string"}}],"inLanguage":"es"},{"@type":"Organization","@id":"https:\/\/ganaenergia.com\/blog\/#organization","name":"Gana Energ\u00eda","alternateName":"Gaolania Servicios SL","url":"https:\/\/ganaenergia.com\/blog\/","logo":{"@type":"ImageObject","inLanguage":"es","@id":"https:\/\/ganaenergia.com\/blog\/#\/schema\/logo\/image\/","url":"https:\/\/ganaenergia.com\/blog\/wp-content\/uploads\/2026\/06\/gana.png","contentUrl":"https:\/\/ganaenergia.com\/blog\/wp-content\/uploads\/2026\/06\/gana.png","width":225,"height":224,"caption":"Gana Energ\u00eda"},"image":{"@id":"https:\/\/ganaenergia.com\/blog\/#\/schema\/logo\/image\/"},"sameAs":["https:\/\/www.facebook.com\/ahorraconganaenergia","https:\/\/x.com\/gana_energia","https:\/\/www.instagram.com\/ganaenergia\/","https:\/\/www.linkedin.com\/company\/gana-energia\/","https:\/\/www.pinterest.es\/ganaenergia\/_created\/","https:\/\/www.youtube.com\/GanaEnergia","https:\/\/www.wikidata.org\/wiki\/Q64151949"],"description":"Gana Energ\u00eda es una compa\u00f1\u00eda de luz y gas natural que ofrece desde 2015 una alternativa de ahorro y sencillez en el sector energ\u00e9tico. Ofrecemos tarifas de luz y gas a precios ajustados, facturas sin costes extra que no pediste y una Atenci\u00f3n al Cliente cercana y \u00e1gil. Nuestros clientes ahorran una media de 366\u20ac al a\u00f1o. \u00bfTe hacemos una comparativa gratuita de la factura de luz para ver cu\u00e1nto podr\u00edas ahorrarte?","telephone":"900 533 912","numberOfEmployees":{"@type":"QuantitativeValue","minValue":"51","maxValue":"200"},"publishingPrinciples":"https:\/\/ganaenergia.com\/blog\/politica-editorial\/"},{"@type":"Person","@id":"https:\/\/ganaenergia.com\/blog\/#\/schema\/person\/f78ef5f89e8ba038af6aca95a5179fb2","name":"Enrique Medina","image":{"@type":"ImageObject","inLanguage":"es","@id":"https:\/\/secure.gravatar.com\/avatar\/d16f860eb8264ecf47fefd36482b5737498d951e585db27cf83f26a5d8d376c8?s=96&d=mm&r=g","url":"https:\/\/secure.gravatar.com\/avatar\/d16f860eb8264ecf47fefd36482b5737498d951e585db27cf83f26a5d8d376c8?s=96&d=mm&r=g","contentUrl":"https:\/\/secure.gravatar.com\/avatar\/d16f860eb8264ecf47fefd36482b5737498d951e585db27cf83f26a5d8d376c8?s=96&d=mm&r=g","caption":"Enrique Medina"},"description":"Digital Marketing Analyst &amp; CRO en Gana Energ\u00eda. Me apasiona analizar datos, entender el comportamiento del usuario y encontrar formas inteligentes de optimizar su experiencia para hacer el sector energ\u00e9tico m\u00e1s transparente y accesible.","sameAs":["https:\/\/es.linkedin.com\/in\/enrique-medina"],"jobTitle":"Anal\u00edtica, CRO y SEO.","url":"https:\/\/ganaenergia.com\/blog\/author\/enrique\/"}]}},"_links":{"self":[{"href":"https:\/\/ganaenergia.com\/blog\/wp-json\/wp\/v2\/posts\/8389","targetHints":{"allow":["GET"]}}],"collection":[{"href":"https:\/\/ganaenergia.com\/blog\/wp-json\/wp\/v2\/posts"}],"about":[{"href":"https:\/\/ganaenergia.com\/blog\/wp-json\/wp\/v2\/types\/post"}],"author":[{"embeddable":true,"href":"https:\/\/ganaenergia.com\/blog\/wp-json\/wp\/v2\/users\/26"}],"replies":[{"embeddable":true,"href":"https:\/\/ganaenergia.com\/blog\/wp-json\/wp\/v2\/comments?post=8389"}],"version-history":[{"count":6,"href":"https:\/\/ganaenergia.com\/blog\/wp-json\/wp\/v2\/posts\/8389\/revisions"}],"predecessor-version":[{"id":22528,"href":"https:\/\/ganaenergia.com\/blog\/wp-json\/wp\/v2\/posts\/8389\/revisions\/22528"}],"wp:featuredmedia":[{"embeddable":true,"href":"https:\/\/ganaenergia.com\/blog\/wp-json\/wp\/v2\/media\/22364"}],"wp:attachment":[{"href":"https:\/\/ganaenergia.com\/blog\/wp-json\/wp\/v2\/media?parent=8389"}],"wp:term":[{"taxonomy":"category","embeddable":true,"href":"https:\/\/ganaenergia.com\/blog\/wp-json\/wp\/v2\/categories?post=8389"},{"taxonomy":"post_tag","embeddable":true,"href":"https:\/\/ganaenergia.com\/blog\/wp-json\/wp\/v2\/tags?post=8389"}],"curies":[{"name":"wp","href":"https:\/\/api.w.org\/{rel}","templated":true}]}}